{"id":11271,"date":"2025-04-16T09:02:32","date_gmt":"2025-04-16T09:02:32","guid":{"rendered":"https:\/\/www.lqcompany.com\/?p=11271"},"modified":"2025-04-27T06:01:56","modified_gmt":"2025-04-27T06:01:56","slug":"colors-and-patterns-in-tactical-gear","status":"publish","type":"post","link":"https:\/\/www.lqcompany.com\/tr\/colors-and-patterns-in-tactical-gear\/","title":{"rendered":"Taktik Te\u00e7hizatta Renkler ve Desenler"},"content":{"rendered":"<p>Taktik te\u00e7hizatta renkler ve desenler performans, kullan\u0131c\u0131 ihtiya\u00e7lar\u0131 ve pazar talebi a\u00e7\u0131s\u0131ndan kritik \u00f6neme sahiptir. Distrib\u00fct\u00f6rler, perakendeciler ve sat\u0131n alma g\u00f6revlileri gibi i\u015fletmeler i\u00e7in bu se\u00e7enekleri anlamak, m\u00fc\u015fteri beklentilerini kar\u015f\u0131laman\u0131za ve rekabet\u00e7i kalman\u0131za yard\u0131mc\u0131 olur.<\/p>\n\n\n\n<p>Bu makale, i\u015flevsellikten trendlere kadar renkler ve desenler konusunda en \u00f6nemli hususlar\u0131 ve bizim gibi bir \u00fcreticiyle i\u015f ortakl\u0131\u011f\u0131 yapman\u0131n do\u011fru \u00e7\u00f6z\u00fcmleri sunman\u0131za nas\u0131l yard\u0131mc\u0131 olabilece\u011fini inceliyor.<\/p>\n\n\n\n<h2 class=\"wp-block-heading\">Renkler ve Desenler Neden \u00d6nemlidir?<\/h2>\n\n\n\n<p>Renkler ve desenler, askeri personel, kolluk kuvvetleri veya a\u00e7\u0131k hava merakl\u0131lar\u0131 gibi son kullan\u0131c\u0131lar i\u00e7in taktik te\u00e7hizat\u0131n performans\u0131n\u0131 etkiler. Gizlenmeyi, g\u00fcvenli\u011fi ve ekip kimli\u011fini etkilerler.<\/p>\n\n\n\n<p>B2B i\u015f ortaklar\u0131 i\u00e7in do\u011fru renk ve desenlere sahip ekipmanlar sunmak, b\u00fcy\u00fcyen bir pazarda \u015fehir polisinden k\u0131rsaldaki askeri birliklere kadar \u00e7e\u015fitli m\u00fc\u015fteri ihtiya\u00e7lar\u0131n\u0131 kar\u015f\u0131l\u0131yor.<\/p>\n\n\n\n<h2 class=\"wp-block-heading\">Renklerin ve Desenlerin \u0130\u015flevselli\u011fi<\/h2>\n\n\n\n<p>Renkler ve desenler pratik performans i\u00e7in se\u00e7ilmi\u015ftir:<\/p>\n\n\n\n<ul class=\"wp-block-list\">\n<li><strong>Kamuflaj Etkinli\u011fi<\/strong>: Ormanl\u0131k alan veya \u00e7\u00f6l kamuflaj\u0131 gibi desenler ormanlar veya kurak b\u00f6lgeler gibi belirli arazilere uygundur. MultiCam\u00ae gibi \u00e7ok y\u00f6nl\u00fc desenler farkl\u0131 ortamlarda i\u015fe yararken, uyarlanabilir kamuflajda yeni ortaya \u00e7\u0131kan teknolojiler gelecekteki esneklik i\u00e7in umut vaat ediyor.<\/li>\n<\/ul>\n\n\n\n<ul class=\"wp-block-list\">\n<li><strong>Ortama \u00d6zel Renkler<\/strong>: Siyah veya gri SWAT g\u00f6revleri i\u00e7in kentsel ortamlara uyum sa\u011flarken, ye\u015fil veya ten rengi k\u0131rsal operasyonlara uygundur. Turuncu gibi y\u00fcksek g\u00f6r\u00fcn\u00fcrl\u00fc\u011fe sahip renkler, kalabal\u0131k kontrol\u00fc veya arama-kurtarma rollerinde kolluk kuvvetleri i\u00e7in kullan\u0131l\u0131r.<\/li>\n<\/ul>\n\n\n\n<ul class=\"wp-block-list\">\n<li><strong>Dayan\u0131kl\u0131l\u0131k ve Bak\u0131m<\/strong>: Polyester kar\u0131\u015f\u0131mlar\u0131 gibi solmaya dayan\u0131kl\u0131 kuma\u015flar, daha h\u0131zl\u0131 solan naylonun aksine, zorlu ko\u015fullar alt\u0131nda renk ve desen b\u00fct\u00fcnl\u00fc\u011f\u00fcn\u00fc korur. Dayan\u0131kl\u0131 donan\u0131m \u00f6nemli bir sat\u0131\u015f noktas\u0131d\u0131r.<\/li>\n<\/ul>\n\n\n\n<figure class=\"wp-block-image size-full\"><img loading=\"lazy\" decoding=\"async\" width=\"612\" height=\"414\" src=\"https:\/\/media.lqcompany.com\/2025\/04\/Pixelated-UCP-camouflage-fabric-with-grey-tan-and-green-shades-for-tactical-gear.webp\" alt=\"\" class=\"wp-image-11288\" srcset=\"https:\/\/media.lqcompany.com\/2025\/04\/Pixelated-UCP-camouflage-fabric-with-grey-tan-and-green-shades-for-tactical-gear-300x203.webp 300w, https:\/\/media.lqcompany.com\/2025\/04\/Pixelated-UCP-camouflage-fabric-with-grey-tan-and-green-shades-for-tactical-gear-18x12.webp 18w, https:\/\/media.lqcompany.com\/2025\/04\/Pixelated-UCP-camouflage-fabric-with-grey-tan-and-green-shades-for-tactical-gear.webp 612w\" sizes=\"auto, (max-width: 612px) 100vw, 612px\" \/><figcaption class=\"wp-element-caption\">Taktik te\u00e7hizat i\u00e7in gri, ten rengi ve ye\u015fil tonlar\u0131nda pikselli UCP kamuflaj kuma\u015f\u0131<\/figcaption><\/figure>\n\n\n\n<h2 class=\"wp-block-heading\">Psikolojik ve Markala\u015fma Etkileri<\/h2>\n\n\n\n<p>Renkler ve desenler alg\u0131y\u0131 ve ekip dinamiklerini \u015fekillendirir:<\/p>\n\n\n\n<ul class=\"wp-block-list\">\n<li><strong>Psikolojik Etkiler<\/strong>: Siyah veya lacivert gibi koyu renkler kolluk kuvvetleri i\u00e7in otorite yans\u0131t\u0131rken, ye\u015fil veya ten rengi gibi n\u00f6tr tonlar bar\u0131\u015f\u0131 koruma rolleri i\u00e7in daha az agresif g\u00f6r\u00fcn\u00fcr.<\/li>\n<\/ul>\n\n\n\n<ul class=\"wp-block-list\">\n<li><strong>Birim Kimli\u011fi ve Moral<\/strong>: \u00d6zel desenler veya tutarl\u0131 renkler, askeri birimler i\u00e7in benzersiz kamuflaj veya polis departmanlar\u0131 i\u00e7in e\u015fle\u015fen te\u00e7hizat gibi tak\u0131m gururu olu\u015fturur.<\/li>\n<\/ul>\n\n\n\n<ul class=\"wp-block-list\">\n<li><strong>Pazar Cazibesi<\/strong>: Avc\u0131lar gibi siviller de modern g\u00f6r\u00fcn\u00fcmleri ve \u00e7ok y\u00f6nl\u00fcl\u00fckleri nedeniyle gri veya D\u00fcz Koyu Toprak (FDE) gibi \u015f\u0131k renkleri tercih ederek perakende sat\u0131\u015flar\u0131 art\u0131r\u0131yor.<\/li>\n<\/ul>\n\n\n\n<h2 class=\"wp-block-heading\">\u00d6zelle\u015ftirme ve Mod\u00fclerlik Trendleri<\/h2>\n\n\n\n<p>M\u00fc\u015fteriler giderek daha fazla, \u00f6zel ihtiya\u00e7lar\u0131na uyarlayabilecekleri ekipmanlar istiyor. \u0130\u015fte renkler ve desenler bu noktada devreye giriyor:<\/p>\n\n\n\n<ul class=\"wp-block-list\">\n<li><strong>Kendin Yap Kamuflaj Kitleri<\/strong>: Baz\u0131 kullan\u0131c\u0131lar benzersiz g\u00f6revler i\u00e7in te\u00e7hizatlar\u0131n\u0131n renklerini veya dokular\u0131n\u0131 \u00f6zelle\u015ftirmek ister. Kitler veya \u00f6zelle\u015ftirilebilir te\u00e7hizat sunmak, distrib\u00fct\u00f6rlerin envanteri esnek tutarken bu m\u00fc\u015fterilere hitap etmelerini sa\u011flar.<\/li>\n<\/ul>\n\n\n\n<ul class=\"wp-block-list\">\n<li><strong>Mod\u00fcler Tasar\u0131mlar<\/strong>: MOLLE sistemli veya de\u011fi\u015ftirilebilir panelli te\u00e7hizat, kullan\u0131c\u0131lar\u0131n t\u00fcm par\u00e7alar\u0131 de\u011fi\u015ftirmeden desenleri veya renkleri de\u011fi\u015ftirmesine olanak tan\u0131r. \u00d6rne\u011fin, bir yelek bir g\u00f6rev i\u00e7in ormanl\u0131k bir panele ve ba\u015fka bir g\u00f6rev i\u00e7in kentsel gri bir panele sahip olabilir. Bu \u00e7ok y\u00f6nl\u00fcl\u00fck, al\u0131c\u0131lar i\u00e7in g\u00fc\u00e7l\u00fc bir sat\u0131\u015f noktas\u0131d\u0131r.<\/li>\n<\/ul>\n\n\n\n<ul class=\"wp-block-list\">\n<li><strong>Ismarlama \u00c7\u00f6z\u00fcmler<\/strong>: \u015eehir polisi veya b\u00f6lgesel askeri birlikler gibi baz\u0131 m\u00fc\u015fteriler, \u015fehir grisi veya \u00e7\u00f6l taba rengi gibi \u00f6zel renklere ihtiya\u00e7 duyar. Bizim gibi \u00fcreticiler bu ihtiya\u00e7lar\u0131 kar\u015f\u0131lamak i\u00e7in k\u00fc\u00e7\u00fck partiler \u00fcreterek ni\u015f pazarlara hizmet etmenize yard\u0131mc\u0131 olabilir.<\/li>\n<\/ul>\n\n\n\n<h2 class=\"wp-block-heading\">S\u00fcrd\u00fcr\u00fclebilirlik ve \u00c7evre Dostu Se\u00e7enekler<\/h2>\n\n\n\n<p>S\u00fcrd\u00fcr\u00fclebilirlik, devlet kurumlar\u0131 da dahil olmak \u00fczere bir\u00e7ok al\u0131c\u0131 i\u00e7in bir \u00f6ncelik haline geliyor. Renkler ve desenler bu trendle ba\u011flant\u0131l\u0131d\u0131r:<\/p>\n\n\n\n<ul class=\"wp-block-list\">\n<li><strong>\u00c7evre Dostu Malzemeler<\/strong>: Kamuflaj desenleri i\u00e7in art\u0131k geri d\u00f6n\u00fc\u015ft\u00fcr\u00fclm\u00fc\u015f kuma\u015flar veya biyo-bazl\u0131 elyaflar kullan\u0131l\u0131yor ve b\u00f6ylece \u00e7evresel etki azalt\u0131l\u0131yor. Bu se\u00e7enekler ye\u015fil tedarik politikalar\u0131na sahip m\u00fc\u015fterilere hitap etmektedir.<\/li>\n<\/ul>\n\n\n\n<ul class=\"wp-block-list\">\n<li><strong>S\u00fcrd\u00fcr\u00fclebilir \u00dcretim<\/strong>: Enerji tasarruflu boyama s\u00fcre\u00e7leri, a\u015fa\u011f\u0131da belirtildi\u011fi gibi <a href=\"https:\/\/www.textileworld.com\/textile-world\/features\/\" target=\"_blank\" rel=\"noreferrer noopener\">Tekstil D\u00fcnyas\u0131<\/a>daha az su veya at\u0131kla canl\u0131 renkler yarat\u0131r. Bu sadece \u00e7evreye yard\u0131mc\u0131 olmakla kalmaz, ayn\u0131 zamanda \u00fcretim maliyetlerini de d\u00fc\u015f\u00fcrerek i\u015fletmenize fayda sa\u011flar.<\/li>\n<\/ul>\n\n\n\n<ul class=\"wp-block-list\">\n<li><strong>Renklerin Uzun \u00d6m\u00fcrl\u00fcl\u00fc\u011f\u00fc<\/strong>: Solmaya kar\u015f\u0131 dayan\u0131kl\u0131 boyalar, ekipmanlar\u0131n daha uzun s\u00fcre dayanmas\u0131n\u0131 sa\u011flayarak s\u00fcrd\u00fcr\u00fclebilirlik hedefleriyle uyumludur. M\u00fc\u015fteriler, zaman i\u00e7inde i\u015flevsel kalan ve iyi g\u00f6r\u00fcnen ekipmanlara de\u011fer vererek de\u011fi\u015ftirme maliyetlerini azalt\u0131r.<\/li>\n<\/ul>\n\n\n\n<h2 class=\"wp-block-heading\">Pazar E\u011filimleri ve T\u00fcketici Tercihleri<\/h2>\n\n\n\n<p>Bir ad\u0131m \u00f6nde olmak, hangi renk ve desenlerin talep g\u00f6rd\u00fc\u011f\u00fcn\u00fc bilmek anlam\u0131na geliyor. \u0130\u015fte 2025'te pop\u00fcler olanlar:<\/p>\n\n\n\n<ul class=\"wp-block-list\">\n<li><strong>Pop\u00fcler Renkler<\/strong>: Gri, FDE ve \u00e7akal kahverengisi gibi n\u00f6tr tonlar kentsel ve k\u0131rsal ortamlar i\u00e7in \u00e7ok y\u00f6nl\u00fcd\u00fcr, bu da onlar\u0131 en iyi se\u00e7enekler haline getirir. K\u0131rm\u0131z\u0131 veya turuncu gibi cesur vurgular, g\u00f6r\u00fcn\u00fcrl\u00fck veya stil i\u00e7in az miktarda kullan\u0131l\u0131r.<\/li>\n<\/ul>\n\n\n\n<ul class=\"wp-block-list\">\n<li><strong>Ortaya \u00c7\u0131kan Modeller<\/strong>: Dijital kamuflaj, pikselli g\u00f6r\u00fcn\u00fcm\u00fcyle dinamik ortamlarda etkilidir. Kentsel tasar\u0131mlardan esinlenen geometrik desenler de kolluk kuvvetleri ve sivil pazarlar i\u00e7in ilgi g\u00f6rmektedir.<\/li>\n<\/ul>\n\n\n\n<ul class=\"wp-block-list\">\n<li><strong>B\u00f6lgesel Tercihler<\/strong>: \u00c7\u00f6l desenleri Orta Do\u011fu pazarlar\u0131nda talep g\u00f6r\u00fcrken, so\u011fuk hava desenleri \u0130skandinav b\u00f6lgelerine uygundur. Kuzey Amerika'da al\u0131c\u0131lar, \u00e7e\u015fitli ihtiya\u00e7lara uyacak \u015fekilde \u00f6zelle\u015ftirilebilir renklere sahip hafif, mod\u00fcler giysileri tercih ediyor.<\/li>\n<\/ul>\n\n\n\n<figure class=\"wp-block-image size-full\"><img loading=\"lazy\" decoding=\"async\" width=\"612\" height=\"405\" src=\"https:\/\/media.lqcompany.com\/2025\/04\/MARPAT-camouflage-fabric-with-green-tan-brown-and-black-pixels-for-tactical-gear.webp\" alt=\"\" class=\"wp-image-11289\" srcset=\"https:\/\/media.lqcompany.com\/2025\/04\/MARPAT-camouflage-fabric-with-green-tan-brown-and-black-pixels-for-tactical-gear-300x199.webp 300w, https:\/\/media.lqcompany.com\/2025\/04\/MARPAT-camouflage-fabric-with-green-tan-brown-and-black-pixels-for-tactical-gear-18x12.webp 18w, https:\/\/media.lqcompany.com\/2025\/04\/MARPAT-camouflage-fabric-with-green-tan-brown-and-black-pixels-for-tactical-gear.webp 612w\" sizes=\"auto, (max-width: 612px) 100vw, 612px\" \/><figcaption class=\"wp-element-caption\">Taktik te\u00e7hizat i\u00e7in ye\u015fil, ten rengi, kahverengi ve siyah pikselli MARPAT kamuflaj kuma\u015f\u0131<\/figcaption><\/figure>\n\n\n\n<h2 class=\"wp-block-heading\">Bizimle Ortakl\u0131k<\/h2>\n\n\n\n<p>Olarak <a href=\"https:\/\/www.lqcompany.com\/\" target=\"_blank\" rel=\"noreferrer noopener\">\u00fcreti\u0307ci\u0307 ve tedari\u0307k\u00e7i\u0307<\/a>Sizin gibi i\u015f ortaklar\u0131m\u0131z\u0131n bu talepleri kar\u015f\u0131layan donan\u0131mlar sunmas\u0131na yard\u0131mc\u0131 oluyoruz. \u0130\u015fte birlikte nas\u0131l \u00e7al\u0131\u015fabilece\u011fimiz:<\/p>\n\n\n\n<ul class=\"wp-block-list\">\n<li><strong>\u00d6zel \u00dcretim<\/strong>: Benzersiz tasar\u0131mlar i\u00e7in h\u0131zl\u0131 geri d\u00f6n\u00fc\u015f sa\u011flayan h\u0131zl\u0131 prototipleme ile ihtiya\u00e7lar\u0131n\u0131za uygun \u00f6zel renkler ve desenler sunuyoruz.<\/li>\n<\/ul>\n\n\n\n<ul class=\"wp-block-list\">\n<li><strong>Kalite G\u00fcvence<\/strong>: Ekipmanlar\u0131m\u0131zda end\u00fcstri standartlar\u0131n\u0131 kar\u015f\u0131layan solmaya dayan\u0131kl\u0131, dayan\u0131kl\u0131 malzemeler kullan\u0131lmaktad\u0131r.<\/li>\n<\/ul>\n\n\n\n<ul class=\"wp-block-list\">\n<li><strong>Pazar Bilgileri<\/strong>: Do\u011fru \u00fcr\u00fcnleri stoklaman\u0131za yard\u0131mc\u0131 olmak i\u00e7in trend raporlar\u0131 ve dan\u0131\u015fmanl\u0131k sa\u011fl\u0131yoruz. \u00d6rne\u011fin, kentsel pazarlar i\u00e7in gri ve FDE veya \u00e7ok y\u00f6nl\u00fc uygulamalar i\u00e7in mod\u00fcler di\u015fli stoklama konusunda tavsiyelerde bulunabiliriz.<\/li>\n<\/ul>\n\n\n\n<ul class=\"wp-block-list\">\n<li><strong>\u0130leti\u015fime Ge\u00e7in<\/strong>: \u00d6zel fiyat teklifleri almak veya \u00fcr\u00fcnlerimizin 2025 trendleriyle nas\u0131l uyumlu oldu\u011funu g\u00f6r\u00fc\u015fmek i\u00e7in bizimle ileti\u015fime ge\u00e7in. Bir g\u00f6r\u00fc\u015fme ba\u015flatmak i\u00e7in \u00fcr\u00fcn katalo\u011fumuzu ziyaret edin veya ileti\u015fim formumuz arac\u0131l\u0131\u011f\u0131yla bize ula\u015f\u0131n.<\/li>\n<\/ul>\n\n\n\n<h2 class=\"wp-block-heading\">Sonu\u00e7: Taktik Te\u00e7hizat Pazar\u0131nda \u00d6nde Olmak<\/h2>\n\n\n\n<p>Taktik te\u00e7hizat renkleri ve desenleri i\u015flevselli\u011fi, alg\u0131y\u0131 ve sat\u0131\u015flar\u0131 y\u00f6nlendirir. Performans, \u00f6zelle\u015ftirme, s\u00fcrd\u00fcr\u00fclebilirlik ve trendleri anlayarak m\u00fc\u015fterilerinize etkili bir \u015fekilde hizmet verebilirsiniz. Sekt\u00f6r yeni desenler ve \u00e7evre dostu malzemelerle geli\u015ftik\u00e7e, bizimle ortakl\u0131k yapmak kaliteli \u00fcr\u00fcnlere ve i\u00e7g\u00f6r\u00fclere eri\u015fim sa\u011flar.<\/p>\n\n\n\n<p>\u0130htiya\u00e7lar\u0131n\u0131z\u0131 g\u00f6r\u00fc\u015fmek i\u00e7in bize ula\u015f\u0131n. 2025'in taleplerini kar\u015f\u0131layan donan\u0131mlar sunal\u0131m.<\/p>","protected":false},"excerpt":{"rendered":"<p>Taktik ekipmanlardaki renk ve desenlerin performans\u0131 ve sat\u0131\u015flar\u0131 nas\u0131l art\u0131rd\u0131\u011f\u0131n\u0131 ke\u015ffedin. Trendleri \u00f6\u011frenin ve \u00f6zel \u00e7\u00f6z\u00fcmler i\u00e7in bizimle i\u015f ortakl\u0131\u011f\u0131 yap\u0131n.<\/p>","protected":false},"author":3,"featured_media":11288,"comment_status":"closed","ping_status":"closed","sticky":false,"template":"","format":"standard","meta":{"_acf_changed":false,"footnotes":""},"categories":[15],"tags":[],"class_list":["post-11271","post","type-post","status-publish","format-standard","has-post-thumbnail","hentry","category-blog"],"blocksy_meta":[],"acf":[],"_links":{"self":[{"href":"https:\/\/www.lqcompany.com\/tr\/wp-json\/wp\/v2\/posts\/11271","targetHints":{"allow":["GET"]}}],"collection":[{"href":"https:\/\/www.lqcompany.com\/tr\/wp-json\/wp\/v2\/posts"}],"about":[{"href":"https:\/\/www.lqcompany.com\/tr\/wp-json\/wp\/v2\/types\/post"}],"author":[{"embeddable":true,"href":"https:\/\/www.lqcompany.com\/tr\/wp-json\/wp\/v2\/users\/3"}],"replies":[{"embeddable":true,"href":"https:\/\/www.lqcompany.com\/tr\/wp-json\/wp\/v2\/comments?post=11271"}],"version-history":[{"count":5,"href":"https:\/\/www.lqcompany.com\/tr\/wp-json\/wp\/v2\/posts\/11271\/revisions"}],"predecessor-version":[{"id":11411,"href":"https:\/\/www.lqcompany.com\/tr\/wp-json\/wp\/v2\/posts\/11271\/revisions\/11411"}],"wp:featuredmedia":[{"embeddable":true,"href":"https:\/\/www.lqcompany.com\/tr\/wp-json\/wp\/v2\/media\/11288"}],"wp:attachment":[{"href":"https:\/\/www.lqcompany.com\/tr\/wp-json\/wp\/v2\/media?parent=11271"}],"wp:term":[{"taxonomy":"category","embeddable":true,"href":"https:\/\/www.lqcompany.com\/tr\/wp-json\/wp\/v2\/categories?post=11271"},{"taxonomy":"post_tag","embeddable":true,"href":"https:\/\/www.lqcompany.com\/tr\/wp-json\/wp\/v2\/tags?post=11271"}],"curies":[{"name":"wp","href":"https:\/\/api.w.org\/{rel}","templated":true}]}}