{"id":11097,"date":"2025-04-07T06:13:54","date_gmt":"2025-04-07T06:13:54","guid":{"rendered":"https:\/\/www.lqcompany.com\/?p=11097"},"modified":"2025-08-05T08:52:15","modified_gmt":"2025-08-05T08:52:15","slug":"how-to-measure-for-a-tactical-vest","status":"publish","type":"post","link":"https:\/\/www.lqcompany.com\/tr\/how-to-measure-for-a-tactical-vest\/","title":{"rendered":"Taktik Yelek \u00d6l\u00e7\u00fcm\u00fc Nas\u0131l Yap\u0131l\u0131r: Temel V\u00fccut Noktalar\u0131"},"content":{"rendered":"<p>\u0130ster kolluk kuvveti, ister avc\u0131 veya a\u00e7\u0131k hava merakl\u0131s\u0131 olun, iyi oturan bir yelek, zorlu ortamlarda konfor, hareketlilik ve performans i\u00e7in kritik \u00f6neme sahiptir. K\u00f6t\u00fc uyum s\u00fcrt\u00fcnmeye neden olabilir, hareketi k\u0131s\u0131tlayabilir veya te\u00e7hizat\u0131n i\u015flevselli\u011fini tehlikeye atabilir.<\/p>\n\n\n\n<p>Taktik te\u00e7hizat \u00fcreticisi olarak 15 y\u0131l\u0131 a\u015fk\u0131n deneyimimizle (2009'dan beri), g\u00fcvenilirlik isteyen profesyoneller i\u00e7in yelekler tasarl\u0131yoruz. G\u00fcvenilir performans g\u00f6steren bir yelek i\u00e7in v\u00fccudun kilit noktalar\u0131n\u0131 nas\u0131l \u00f6l\u00e7ece\u011finizi a\u015fa\u011f\u0131da bulabilirsiniz.<\/p>\n\n\n\n<h2 class=\"wp-block-heading\" id=\"why-proper-fit-matters\">Uygulamalar Aras\u0131nda Uyum Neden \u00d6nemlidir?<\/h2>\n\n\n\n<ul class=\"wp-block-list\">\n<li><strong>Taktik\/Kolluk Kuvvetleri<\/strong>: K\u00f6t\u00fc oturan plaka ta\u015f\u0131y\u0131c\u0131lar veya g\u00f6rev yelekleri y\u00fck alt\u0131nda kayarak hayati b\u00f6lgeleri a\u00e7\u0131\u011fa \u00e7\u0131karabilir veya silah ve te\u00e7hizata eri\u015fimi engelleyebilir.<\/li>\n<\/ul>\n\n\n\n<ul class=\"wp-block-list\">\n<li><strong>Avc\u0131l\u0131k<\/strong>: B\u00fcy\u00fck veya dar yelekler dallara tak\u0131labilir, g\u00fcr\u00fclt\u00fc yaratabilir veya do\u011fru at\u0131\u015f i\u00e7in omuz hareketlili\u011fini s\u0131n\u0131rlayabilir.<\/li>\n<\/ul>\n\n\n\n<ul class=\"wp-block-list\">\n<li><strong>A\u00e7\u0131k Hava Rekreasyonu<\/strong>: Y\u00fcr\u00fcy\u00fc\u015f veya t\u0131rman\u0131\u015f yelekleri, uzun y\u00fcr\u00fcy\u00fc\u015fler s\u0131ras\u0131nda zorlanmay\u0131 \u00f6nlemek i\u00e7in a\u011f\u0131rl\u0131\u011f\u0131 e\u015fit olarak da\u011f\u0131tmal\u0131d\u0131r.<\/li>\n<\/ul>\n\n\n\n<ul class=\"wp-block-list\">\n<li><strong>B2B Uygulamalar\u0131<\/strong>: Do\u011fru \u015fekilde tak\u0131lan yelekler son kullan\u0131c\u0131 memnuniyetini art\u0131r\u0131r, iadeleri azalt\u0131r ve askeri, kolluk kuvvetleri veya sivil pazarlar i\u00e7in g\u00fcvenlik standartlar\u0131na uygunlu\u011fu sa\u011flar.<\/li>\n<\/ul>\n\n\n\n<figure class=\"wp-block-image size-large is-resized\"><img loading=\"lazy\" decoding=\"async\" width=\"1024\" height=\"1024\" src=\"https:\/\/media.lqcompany.com\/2025\/08\/Black-tactical-vest-with-MOLLE-webbing-adjustable-straps-and-front-zipper-closure-with-buckle-reinforcements.webp\" alt=\"MOLLE dokuma, ayarlanabilir kay\u0131\u015flar ve toka takviyeli \u00f6n fermuar kapamal\u0131 siyah taktik yelek.\" class=\"wp-image-13238\" style=\"width:432px;height:auto\" srcset=\"https:\/\/media.lqcompany.com\/2025\/08\/Black-tactical-vest-with-MOLLE-webbing-adjustable-straps-and-front-zipper-closure-with-buckle-reinforcements-300x300.webp 300w, https:\/\/media.lqcompany.com\/2025\/08\/Black-tactical-vest-with-MOLLE-webbing-adjustable-straps-and-front-zipper-closure-with-buckle-reinforcements.webp 1024w, https:\/\/media.lqcompany.com\/2025\/08\/Black-tactical-vest-with-MOLLE-webbing-adjustable-straps-and-front-zipper-closure-with-buckle-reinforcements-150x150.webp 150w, https:\/\/media.lqcompany.com\/2025\/08\/Black-tactical-vest-with-MOLLE-webbing-adjustable-straps-and-front-zipper-closure-with-buckle-reinforcements-768x768.webp 768w, https:\/\/media.lqcompany.com\/2025\/08\/Black-tactical-vest-with-MOLLE-webbing-adjustable-straps-and-front-zipper-closure-with-buckle-reinforcements-12x12.webp 12w, https:\/\/media.lqcompany.com\/2025\/08\/Black-tactical-vest-with-MOLLE-webbing-adjustable-straps-and-front-zipper-closure-with-buckle-reinforcements.webp 1200w\" sizes=\"auto, (max-width: 1024px) 100vw, 1024px\" \/><\/figure>\n\n\n\n<h2 class=\"wp-block-heading\" id=\"step-by-step-measurement-guide\">Temel \u00d6l\u00e7\u00fcm Noktalar\u0131 (Temel Katmanlar \u00dczerinden \u00d6l\u00e7\u00fcm)<\/h2>\n\n\n\n<p>\u0130pucu: Esnek bir mezura kullan\u0131n ve do\u011fruluk i\u00e7in iki kez \u00f6l\u00e7\u00fcm yap\u0131n, ideal olarak tutarl\u0131l\u0131\u011f\u0131 sa\u011flamak i\u00e7in yard\u0131m al\u0131n. Toplu sipari\u015f veren m\u00fc\u015fteriler i\u00e7in standartla\u015ft\u0131r\u0131lm\u0131\u015f boyutland\u0131rma protokolleri \u00fcretimi kolayla\u015ft\u0131rabilir.<\/p>\n\n\n\n<h3 class=\"wp-block-heading\" id=\"step-1-measure-your-chest\">1. G\u00f6\u011f\u00fcs \u00c7evresi (En Kritik)<\/h3>\n\n\n\n<ul class=\"wp-block-list\">\n<li><strong>Nas\u0131l<\/strong>: Bir mezuray\u0131 g\u00f6\u011fs\u00fcn en dolu k\u0131sm\u0131n\u0131n etraf\u0131na, koltuk altlar\u0131n\u0131n hemen alt\u0131na, yere paralel tutarak sar\u0131n.<\/li>\n<\/ul>\n\n\n\n<ul class=\"wp-block-list\">\n<li><strong>Neden<\/strong>: Optimum uyum i\u00e7in yelek geni\u015fli\u011fini belirler. \u00c7ok s\u0131k\u0131 olmas\u0131 nefes almay\u0131 k\u0131s\u0131tlar; \u00e7ok gev\u015fek olmas\u0131 vitesin kaymas\u0131na neden olur.<\/li>\n<\/ul>\n\n\n\n<ul class=\"wp-block-list\">\n<li><strong>Not<\/strong>: Plaka ta\u015f\u0131y\u0131c\u0131lar i\u00e7in, standart veya \u00f6zel plakalarla uyumlulu\u011fu sa\u011flamak i\u00e7in d\u00fczenli olarak giyiliyorsa v\u00fccut z\u0131rh\u0131 \u00fczerinden \u00f6l\u00e7\u00fcn.<\/li>\n<\/ul>\n\n\n\n<h3 class=\"wp-block-heading\" id=\"step-2-measure-your-waist\">2. G\u00f6vde Uzunlu\u011fu (Bo\u011faz Taban\u0131ndan Bele)<\/h3>\n\n\n\n<ul class=\"wp-block-list\">\n<li><strong>Nas\u0131l<\/strong>: Sternal \u00e7enti\u011fi (boynun alt\u0131ndaki U \u015feklindeki \u00e7ukur) bulun. Do\u011fal bele, tipik olarak g\u00f6vdenin en dar k\u0131sm\u0131na veya yele\u011fin oturmas\u0131 gereken yere kadar d\u00fcz bir \u015fekilde \u00f6l\u00e7\u00fcn.<\/li>\n<\/ul>\n\n\n\n<ul class=\"wp-block-list\">\n<li><strong>Neden<\/strong>: Yele\u011fin do\u011fru hizalanmas\u0131n\u0131 sa\u011flayarak hareket s\u0131ras\u0131nda yukar\u0131 \u00e7\u0131kmas\u0131n\u0131 veya kal\u00e7alara batmas\u0131n\u0131 \u00f6nler.<\/li>\n<\/ul>\n\n\n\n<ul class=\"wp-block-list\">\n<li><strong>Not<\/strong>: Daha uzun g\u00f6vdeler, \u00f6zellikle a\u00e7\u0131k hava uygulamalar\u0131nda yayg\u0131n olan so\u011fuk hava katmanlar\u0131 i\u00e7in uzun yelekler gerektirebilir.<\/li>\n<\/ul>\n\n\n\n<h3 class=\"wp-block-heading\" id=\"step-3-check-torso-length\">3. Omuz Geni\u015fli\u011fi (Diki\u015ften Diki\u015fe)<\/h3>\n\n\n\n<ul class=\"wp-block-list\">\n<li><strong>Nas\u0131l<\/strong>: S\u0131rt boyunca, bir omuzun d\u0131\u015f kenar\u0131ndan (kolun g\u00f6mlekle birle\u015fti\u011fi yer) di\u011ferine kadar \u00f6l\u00e7\u00fcn.<\/li>\n<\/ul>\n\n\n\n<ul class=\"wp-block-list\">\n<li><strong>Neden<\/strong>: Kay\u0131\u015flar\u0131n kaymas\u0131n\u0131 veya boynu kesmesini \u00f6nler, a\u011f\u0131r te\u00e7hizat ta\u015f\u0131yan y\u00fck ta\u015f\u0131y\u0131c\u0131 yelekler i\u00e7in kritik \u00f6neme sahiptir.<\/li>\n<\/ul>\n\n\n\n<ul class=\"wp-block-list\">\n<li><strong>Not<\/strong>: Geni\u015f omuzlar, daha fazla dayan\u0131kl\u0131l\u0131k i\u00e7in g\u00fc\u00e7lendirilmi\u015f veya yast\u0131kl\u0131 kay\u0131\u015flardan yararlanabilir.<\/li>\n<\/ul>\n\n\n\n<h3 class=\"wp-block-heading\" id=\"step-4-shoulder-width\">4. Koltuk Alt\u0131ndan Koltuk Alt\u0131na<\/h3>\n\n\n\n<ul class=\"wp-block-list\">\n<li><strong>Nas\u0131l<\/strong>: Mezuray\u0131 s\u0131rt boyunca, bir koltuk alt\u0131 k\u0131vr\u0131m\u0131ndan di\u011ferine yatay olarak yerle\u015ftirin.<\/li>\n<\/ul>\n\n\n\n<ul class=\"wp-block-list\">\n<li><strong>Neden<\/strong>: Engelsiz kol hareketi i\u00e7in yan panellerdeki s\u00fcrt\u00fcnme veya bo\u015fluklar\u0131 en aza indirerek kol deliklerinin rahat\u00e7a oturmas\u0131n\u0131 sa\u011flar.<\/li>\n<\/ul>\n\n\n\n<ul class=\"wp-block-list\">\n<li><strong>Not<\/strong>: K\u0131l\u0131flara veya po\u015fetlere h\u0131zl\u0131 eri\u015fim gerektiren taktik yelekler i\u00e7in kritiktir.<\/li>\n<\/ul>\n\n\n\n<h3 class=\"wp-block-heading\" id=\"step-5-test-adjustments\">5. Bel\/Kar\u0131n \u00c7evresi<\/h3>\n\n\n\n<ul class=\"wp-block-list\">\n<li><strong>Nas\u0131l<\/strong>: Belin en dar k\u0131sm\u0131ndan, kal\u00e7alar\u0131n hemen \u00fcst\u00fcnden \u00f6l\u00e7\u00fcn.<\/li>\n<\/ul>\n\n\n\n<ul class=\"wp-block-list\">\n<li><strong>Neden<\/strong>: Konfordan \u00f6d\u00fcn vermeden denge i\u00e7in ku\u015faklar\u0131 veya bel kay\u0131\u015flar\u0131n\u0131 ayarlar.<\/li>\n<\/ul>\n\n\n\n<ul class=\"wp-block-list\">\n<li><strong>Not<\/strong>: Dinamik ortamlarda veya farkl\u0131 v\u00fccut tiplerine sahip kullan\u0131c\u0131lar taraf\u0131ndan kullan\u0131lan yelekler i\u00e7in ayarlanabilir bel sistemlerini g\u00f6z \u00f6n\u00fcnde bulundurun.<\/li>\n<\/ul>\n\n\n\n<figure class=\"wp-block-image size-full is-resized\"><img loading=\"lazy\" decoding=\"async\" width=\"800\" height=\"800\" src=\"https:\/\/www.lqcompany.com\/wp-content\/uploads\/2024\/09\/H0e916dd105694392b116c1ae9df948a3C.webp\" alt=\"Gri Z\u0131rh Plaka Ta\u015f\u0131y\u0131c\u0131 Yelek\" class=\"wp-image-7219\" style=\"width:472px;height:auto\" srcset=\"https:\/\/www.lqcompany.com\/wp-content\/uploads\/2024\/09\/H0e916dd105694392b116c1ae9df948a3C-300x300.webp 300w, https:\/\/www.lqcompany.com\/wp-content\/uploads\/2024\/09\/H0e916dd105694392b116c1ae9df948a3C-150x150.webp 150w, https:\/\/www.lqcompany.com\/wp-content\/uploads\/2024\/09\/H0e916dd105694392b116c1ae9df948a3C-768x768.webp 768w, https:\/\/www.lqcompany.com\/wp-content\/uploads\/2024\/09\/H0e916dd105694392b116c1ae9df948a3C-12x12.webp 12w, https:\/\/www.lqcompany.com\/wp-content\/uploads\/2024\/09\/H0e916dd105694392b116c1ae9df948a3C.webp 800w\" sizes=\"auto, (max-width: 800px) 100vw, 800px\" \/><\/figure>\n\n\n\n<h2 class=\"wp-block-heading\">Kullan\u0131m Durumuna G\u00f6re \u00d6zel Hususlar<\/h2>\n\n\n\n<figure class=\"wp-block-table\"><table class=\"has-fixed-layout\"><tbody><tr><td><strong>Uygulama<\/strong><\/td><td><strong>Uyum \u00d6nceli\u011fi<\/strong><\/td><td><strong>Ayarlama \u0130pu\u00e7lar\u0131<\/strong><\/td><\/tr><tr><td><strong>Plaka Ta\u015f\u0131y\u0131c\u0131lar<\/strong><\/td><td>G\u00fcvenli plaka yerle\u015fimi<\/td><td>Z\u0131rh \u00fczerinden \u00f6l\u00e7\u00fcn; plakalar\u0131n hareket s\u0131ras\u0131nda sabit kald\u0131\u011f\u0131ndan emin olun.<\/td><\/tr><tr><td><strong>Kolluk Kuvvetleri Yelekleri<\/strong><\/td><td>Gizlenebilirlik ve hareketlilik<\/td><td>\u00dcniforma alt\u0131 kullan\u0131m i\u00e7in ince profillere \u00f6ncelik verin; h\u0131zl\u0131 te\u00e7hizat eri\u015fimi i\u00e7in kay\u0131\u015flar\u0131 ayarlay\u0131n.<\/td><\/tr><tr><td><strong>Av Yelekleri<\/strong><\/td><td>Sessiz hareketlilik<\/td><td>Katmanl\u0131 giysiler i\u00e7in yer b\u0131rak\u0131n; at\u0131\u015f mesafesini korumak i\u00e7in s\u0131k\u0131 kol deliklerinden ka\u00e7\u0131n\u0131n.<\/td><\/tr><tr><td><strong>Foto\u011fraf Yelekleri<\/strong><\/td><td>Te\u00e7hizata kolay eri\u015fim<\/td><td>G\u00f6vde uzunlu\u011funun hareket s\u0131ras\u0131nda lenslerin kal\u00e7alara batmas\u0131n\u0131 \u00f6nledi\u011finden emin olun.<\/td><\/tr><\/tbody><\/table><\/figure>\n\n\n\n<h2 class=\"wp-block-heading\" id=\"common-sizing-mistakes-to-avoid\">Yayg\u0131n Uyum Hatalar\u0131 ve D\u00fczeltmeleri<\/h2>\n\n\n\n<p><strong>Problem<\/strong>: Ba\u015f \u00fcst\u00fc uzan\u0131rken yelek yukar\u0131 \u00e7\u0131k\u0131yor.<br><strong>D\u00fczeltme<\/strong>: Yele\u011fi sabitlemek i\u00e7in g\u00f6vde uzunlu\u011funu k\u0131salt\u0131n veya ku\u015faklar\u0131\/bel kay\u0131\u015flar\u0131n\u0131 s\u0131k\u0131n.<\/p>\n\n\n\n<p><strong>Problem<\/strong>: \u00d6n paneller hareket s\u0131ras\u0131nda bo\u015fluk b\u0131rak\u0131r.<br><strong>D\u00fczeltme<\/strong>: G\u00f6\u011f\u00fcs \u00e7evresini azalt\u0131n veya tam oturmas\u0131 i\u00e7in ayarlanabilir yan kay\u0131\u015flar ekleyin.<\/p>\n\n\n\n<p><strong>Problem<\/strong>: Kay\u0131\u015flar y\u00fck alt\u0131nda omuzlara batar.<br><strong>D\u00fczeltme<\/strong>: Daha fazla konfor i\u00e7in omuz \u00f6l\u00e7\u00fclerini geni\u015fletin veya yast\u0131kl\u0131, g\u00fc\u00e7lendirilmi\u015f kay\u0131\u015flar ekleyin.<\/p>\n\n\n\n<p><strong>B2B \u0130pucu<\/strong>: Ayarlanabilir veya mod\u00fcler yelekler sunmak, uyumla ilgili iadeleri azalt\u0131r ve \u00e7e\u015fitli son kullan\u0131c\u0131 ihtiya\u00e7lar\u0131na hitap eder.<\/p>\n\n\n\n<h2 class=\"wp-block-heading\" id=\"what-if-youre-between-sizes\">\u00d6zelle\u015ftirme Uyum Zorluklar\u0131n\u0131 Neden \u00c7\u00f6zer?<\/h2>\n\n\n\n<p>Kullan\u0131ma haz\u0131r yelekler farkl\u0131 v\u00fccut tiplerine veya \u00f6zel operasyonel ihtiya\u00e7lara uyum sa\u011flayamayabilir. Olarak <a href=\"https:\/\/www.lqcompany.com\/tactical-vest-manufacturer\/\" target=\"_blank\" rel=\"noreferrer noopener\">\u00f6zel taktik yelek \u00fcreticisi<\/a>Bunu \u015fu \u015fekilde \u00e7\u00f6z\u00fcyoruz:<\/p>\n\n\n\n<ul class=\"wp-block-list\">\n<li><strong>Benzersiz Oranlar<\/strong>: Asimetrik g\u00f6vdeler, dar omuzlu uzun g\u00f6vdeler veya di\u011fer standart d\u0131\u015f\u0131 yap\u0131lar i\u00e7in terzilik.<\/li>\n<\/ul>\n\n\n\n<ul class=\"wp-block-list\">\n<li><strong>Katmanlama \u0130htiya\u00e7lar\u0131<\/strong>: Kal\u0131n k\u0131\u015fl\u0131k katmanlar (avc\u0131lar) veya hafif \u00fcniformalar (kolluk kuvvetleri) i\u00e7in tasar\u0131m.<\/li>\n<\/ul>\n\n\n\n<ul class=\"wp-block-list\">\n<li><strong>\u0130leri \u00dcretim<\/strong>: Lazerle kesilmi\u015f MOLLE panelleri, 3D v\u00fccut taramas\u0131 veya toplu sipari\u015flerde tutarl\u0131, y\u00fcksek kaliteli uyum i\u00e7in hassas diki\u015f kullan\u0131m\u0131.<\/li>\n<\/ul>\n\n\n\n<ul class=\"wp-block-list\">\n<li><strong>S\u00fcrd\u00fcr\u00fclebilir Malzemeler<\/strong>: S\u00fcrd\u00fcr\u00fclebilirli\u011fe y\u00f6nelik modern B2B taleplerini kar\u015f\u0131lamak i\u00e7in geri d\u00f6n\u00fc\u015ft\u00fcr\u00fclm\u00fc\u015f polyester gibi dayan\u0131kl\u0131, \u00e7evre dostu kuma\u015flar\u0131n kullan\u0131lmas\u0131.<\/li>\n<\/ul>\n\n\n\n<ul class=\"wp-block-list\">\n<li><strong>Mod\u00fcler Sistemler<\/strong>: Taktik, avc\u0131l\u0131k veya d\u0131\u015f mekan di\u015fli ekosistemleriyle sorunsuz bir \u015fekilde entegre olmak i\u00e7in \u00f6zelle\u015ftirilebilir panel \u015fekilleri, kay\u0131\u015f a\u00e7\u0131lar\u0131 ve ba\u011flant\u0131 noktalar\u0131 sunar.<\/li>\n<\/ul>\n\n\n\n<h2 class=\"wp-block-heading\" id=\"final-thought\">Sonu\u00e7<\/h2>\n\n\n\n<p>G\u00f6\u011f\u00fcs, g\u00f6vde, omuzlar ve belin do\u011fru \u00f6l\u00e7\u00fcmleri, g\u00fcvenli\u011fi, hareketlili\u011fi ve dayan\u0131kl\u0131l\u0131\u011f\u0131 art\u0131ran bir yele\u011fin temelini olu\u015fturur. \u0130ster askeri birlikleri, ister kolluk kuvvetlerini veya a\u00e7\u0131k hava perakendecilerini donat\u0131yor olsun, uygun \u015fekilde tak\u0131lm\u0131\u015f bir yelek son kullan\u0131c\u0131 memnuniyetini ve operasyonel ba\u015far\u0131y\u0131 garanti eder.<\/p>\n\n\n\n<p>G\u00fcvenilir bir i\u015f orta\u011f\u0131 olarak 15 y\u0131l\u0131 a\u015fk\u0131n deneyimimizle hassas \u00f6l\u00e7\u00fcmleri y\u00fcksek performansl\u0131, spesifikasyonlar\u0131n\u0131za g\u00f6re uyarlanm\u0131\u015f yeleklere d\u00f6n\u00fc\u015ft\u00fcr\u00fcyoruz. Toplu boyutland\u0131rma \u00e7\u00f6z\u00fcmleri, \u00f6zel tasar\u0131mlar veya taktik te\u00e7hizat \u00fcr\u00fcn grubunuzla entegrasyon hakk\u0131nda g\u00f6r\u00fc\u015fmek i\u00e7in bizimle ileti\u015fime ge\u00e7in.<\/p>\n\n\n\n<p><\/p>","protected":false},"excerpt":{"rendered":"<p>Askeri, kolluk kuvvetleri ve d\u0131\u015f mekan kullan\u0131m\u0131 i\u00e7in taktik yelekleri \u00f6l\u00e7mek i\u00e7in uzman k\u0131lavuzu. 15+ y\u0131ll\u0131k bir taktik yelek \u00fcreticisinden do\u011fru uyum tekniklerini \u00f6\u011frenin.<\/p>","protected":false},"author":3,"featured_media":11105,"comment_status":"closed","ping_status":"closed","sticky":false,"template":"","format":"standard","meta":{"_acf_changed":false,"footnotes":""},"categories":[15],"tags":[],"class_list":["post-11097","post","type-post","status-publish","format-standard","has-post-thumbnail","hentry","category-blog"],"blocksy_meta":[],"acf":[],"_links":{"self":[{"href":"https:\/\/www.lqcompany.com\/tr\/wp-json\/wp\/v2\/posts\/11097","targetHints":{"allow":["GET"]}}],"collection":[{"href":"https:\/\/www.lqcompany.com\/tr\/wp-json\/wp\/v2\/posts"}],"about":[{"href":"https:\/\/www.lqcompany.com\/tr\/wp-json\/wp\/v2\/types\/post"}],"author":[{"embeddable":true,"href":"https:\/\/www.lqcompany.com\/tr\/wp-json\/wp\/v2\/users\/3"}],"replies":[{"embeddable":true,"href":"https:\/\/www.lqcompany.com\/tr\/wp-json\/wp\/v2\/comments?post=11097"}],"version-history":[{"count":5,"href":"https:\/\/www.lqcompany.com\/tr\/wp-json\/wp\/v2\/posts\/11097\/revisions"}],"predecessor-version":[{"id":13241,"href":"https:\/\/www.lqcompany.com\/tr\/wp-json\/wp\/v2\/posts\/11097\/revisions\/13241"}],"wp:featuredmedia":[{"embeddable":true,"href":"https:\/\/www.lqcompany.com\/tr\/wp-json\/wp\/v2\/media\/11105"}],"wp:attachment":[{"href":"https:\/\/www.lqcompany.com\/tr\/wp-json\/wp\/v2\/media?parent=11097"}],"wp:term":[{"taxonomy":"category","embeddable":true,"href":"https:\/\/www.lqcompany.com\/tr\/wp-json\/wp\/v2\/categories?post=11097"},{"taxonomy":"post_tag","embeddable":true,"href":"https:\/\/www.lqcompany.com\/tr\/wp-json\/wp\/v2\/tags?post=11097"}],"curies":[{"name":"wp","href":"https:\/\/api.w.org\/{rel}","templated":true}]}}