{"id":10378,"date":"2025-02-18T02:32:49","date_gmt":"2025-02-18T02:32:49","guid":{"rendered":"https:\/\/www.lqcompany.com\/?p=10378"},"modified":"2026-02-02T03:20:13","modified_gmt":"2026-02-02T03:20:13","slug":"tactical-backpack-sizes-explained-a-complete-guide","status":"publish","type":"post","link":"https:\/\/www.lqcompany.com\/fr\/tactical-backpack-sizes-explained-a-complete-guide\/","title":{"rendered":"Les tailles des sacs \u00e0 dos tactiques expliqu\u00e9es : Un guide complet"},"content":{"rendered":"<p>Avec plus de 16 ans d'exp\u00e9rience en tant que fabricant de sacs tactiques depuis 2009, nous comprenons que le choix de la bonne taille de sac \u00e0 dos tactique est important pour le succ\u00e8s de la mission. Qu'il s'agisse de fournir des unit\u00e9s militaires, des forces de l'ordre ou des professionnels des activit\u00e9s de plein air, le choix de la taille et de la capacit\u00e9 appropri\u00e9es garantit l'efficacit\u00e9 op\u00e9rationnelle, le confort de l'utilisateur et la s\u00e9curit\u00e9.<\/p>\n\n\n\n<p>Ce guide explique comment mesurer, calculer et choisir des sacs \u00e0 dos tactiques pour r\u00e9pondre \u00e0 vos besoins sp\u00e9cifiques ou \u00e0 ceux de vos clients, tout en soulignant les \u00e9l\u00e9ments cl\u00e9s \u00e0 prendre en compte pour trouver des solutions personnalis\u00e9es.<\/p>\n\n\n\n<h2 class=\"wp-block-heading\">L'importance de la taille et de la capacit\u00e9 des sacs \u00e0 dos tactiques<\/h2>\n\n\n\n<p>Les sacs \u00e0 dos tactiques se distinguent des sacs \u00e0 dos ordinaires par leur durabilit\u00e9, leur modularit\u00e9 et leur conception sp\u00e9cifique \u00e0 la mission. Risques li\u00e9s \u00e0 un mauvais dimensionnement :<\/p>\n\n\n\n<ul class=\"wp-block-list\">\n<li><strong>Surcharge<\/strong>: Sollicite les utilisateurs, r\u00e9duit la mobilit\u00e9 et augmente la fatigue.<\/li>\n<\/ul>\n\n\n\n<ul class=\"wp-block-list\">\n<li><strong>Sous-emballage<\/strong>: Le manque d'espace oblige \u00e0 attacher le mat\u00e9riel \u00e0 l'ext\u00e9rieur, ce qui compromet l'\u00e9quilibre et l'accessibilit\u00e9.<\/li>\n<\/ul>\n\n\n\n<ul class=\"wp-block-list\">\n<li><strong>Mauvaise adaptation<\/strong>: Provoque une g\u00eane ou une blessure en cas d'utilisation prolong\u00e9e, en particulier dans les environnements exigeants.<\/li>\n<\/ul>\n\n\n\n<p>Pour les fournisseurs, recommander la bonne taille de sac \u00e0 dos permet d'instaurer un climat de confiance, d'am\u00e9liorer la satisfaction des clients et de minimiser les retours.<\/p>\n\n\n\n<h2 class=\"wp-block-heading\">Comment mesurer un sac \u00e0 dos tactique<\/h2>\n\n\n\n<h3 class=\"wp-block-heading\">1. Dimensions ext\u00e9rieures<\/h3>\n\n\n\n<ul class=\"wp-block-list\">\n<li><strong>Longueur<\/strong>: Mesurez du haut (base de la poign\u00e9e de transport) au bas du sac \u00e0 dos.<\/li>\n<\/ul>\n\n\n\n<ul class=\"wp-block-list\">\n<li><strong>Largeur<\/strong>: Mesurer le point le plus large d'un c\u00f4t\u00e9 \u00e0 l'autre, y compris les sangles de compression ou les poches lat\u00e9rales.<\/li>\n<\/ul>\n\n\n\n<ul class=\"wp-block-list\">\n<li><strong>Profondeur<\/strong>: Mesurer de la face avant \u00e0 la face arri\u00e8re, y compris les poches ext\u00e9rieures.<\/li>\n<\/ul>\n\n\n\n<p>Utilisez un m\u00e8tre ruban et notez les dimensions en pouces ou en centim\u00e8tres (par exemple, 20\u2033 L x 13\u2033 L x 9\u2033 P ou 50 cm x 33 cm x 23 cm).<\/p>\n\n\n\n<h3 class=\"wp-block-heading\">2. Volume\/capacit\u00e9 interne<\/h3>\n\n\n\n<p>La m\u00e9thode la plus courante pour estimer la capacit\u00e9 du sac \u00e0 dos est une formule simple :<\/p>\n\n\n\n<p><strong>Volume (litres) = Longueur (cm) \u00d7 Largeur (cm) \u00d7 Profondeur (cm) \u00f7 1 000<\/strong><\/p>\n\n\n\n<p><strong>Exemple<\/strong>: Un sac \u00e0 dos de 50 cm \u00d7 30 cm \u00d7 20 cm = 30 000 cm\u00b3 \u00f7 1 000 = 30 litres.<\/p>\n\n\n\n<p><strong>Remarque : <\/strong>Cette formule suppose une forme rectangulaire et fournit une estimation de la capacit\u00e9 totale. La capacit\u00e9 utile r\u00e9elle est g\u00e9n\u00e9ralement inf\u00e9rieure de 10-20% en raison des compartiments internes, du rembourrage en mousse, des conceptions incurv\u00e9es ou des coutures. Consultez toujours les sp\u00e9cifications du fabricant pour conna\u00eetre le volume utilisable exact.<\/p>\n\n\n\n<figure class=\"wp-block-image size-full\"><img loading=\"lazy\" decoding=\"async\" width=\"800\" height=\"800\" src=\"https:\/\/media.lqcompany.com\/2025\/02\/expandable-tactical-backpack.webp\" alt=\"\" class=\"wp-image-10393\" srcset=\"https:\/\/media.lqcompany.com\/2025\/02\/expandable-tactical-backpack-300x300.webp 300w, https:\/\/media.lqcompany.com\/2025\/02\/expandable-tactical-backpack-150x150.webp 150w, https:\/\/media.lqcompany.com\/2025\/02\/expandable-tactical-backpack-768x768.webp 768w, https:\/\/media.lqcompany.com\/2025\/02\/expandable-tactical-backpack-12x12.webp 12w, https:\/\/media.lqcompany.com\/2025\/02\/expandable-tactical-backpack.webp 800w\" sizes=\"auto, (max-width: 800px) 100vw, 800px\" \/><\/figure>\n\n\n\n<h3 class=\"wp-block-heading\">3. M\u00e9thodes de mesure avanc\u00e9es<\/h3>\n\n\n\n<p>Bien que moins courantes, les m\u00e9thodes suivantes peuvent fournir des mesures de volume pr\u00e9cises pour les sacs \u00e0 dos de forme irr\u00e9guli\u00e8re :<\/p>\n\n\n\n<ul class=\"wp-block-list\">\n<li><strong>D\u00e9placement de l'eau<\/strong>: Remplir le sac \u00e0 dos d'eau et la verser dans un r\u00e9cipient gradu\u00e9 pour en mesurer le volume. Cette m\u00e9thode est salissante et rarement utilis\u00e9e dans les milieux professionnels.<\/li>\n<\/ul>\n\n\n\n<ul class=\"wp-block-list\">\n<li><strong>Emballage des arachides<\/strong>: Remplir le sac \u00e0 dos de cacahu\u00e8tes d'emballage, puis les vider dans une poubelle mesur\u00e9e. Cela prend du temps et n'est pas pratique pour la plupart des fournisseurs.<\/li>\n<\/ul>\n\n\n\n<ul class=\"wp-block-list\">\n<li><strong>Applications de num\u00e9risation 3D<\/strong>: Des outils tels que <strong>Polycam<\/strong> ou <strong>Scandy Pro<\/strong> peut scanner des formes irr\u00e9guli\u00e8res pour calculer pr\u00e9cis\u00e9ment le volume, ce qui est id\u00e9al pour les conceptions personnalis\u00e9es.<\/li>\n<\/ul>\n\n\n\n<p>Pour la plupart des besoins d'approvisionnement, il convient de s'appuyer sur les sp\u00e9cifications fournies par le fabricant ou sur la formule standard pour plus d'efficacit\u00e9.<\/p>\n\n\n\n<h2 class=\"wp-block-heading\">Tableau des tailles de sacs \u00e0 dos tactiques (litres et cas d'utilisation)<\/h2>\n\n\n\n<p>Les sacs \u00e0 dos tactiques varient en taille pour s'adapter \u00e0 des missions et des groupes d'utilisateurs sp\u00e9cifiques. Le tableau ci-dessous pr\u00e9sente les capacit\u00e9s courantes et leurs applications.<\/p>\n\n\n\n<figure class=\"wp-block-table\"><table class=\"has-fixed-layout\"><tbody><tr><td><strong>Cas d'utilisation<\/strong><\/td><td><strong>Capacit\u00e9 (litres)<\/strong><\/td><td><strong>Caract\u00e9ristiques principales<\/strong><\/td><td><strong>Utilisateurs typiques<\/strong><\/td><\/tr><tr><td><strong>Portage quotidien (EDC)<\/strong><\/td><td>10-25L<\/td><td>Profil mince, poches \u00e0 acc\u00e8s rapide, pochette pour ordinateur portable<\/td><td>Civils, navetteurs urbains<\/td><\/tr><tr><td><strong>Missions d'une journ\u00e9e\/randonn\u00e9e<\/strong><\/td><td>20-40L<\/td><td>Sac d'hydratation, sangles MOLLE, cadre l\u00e9ger<\/td><td>Application de la loi, amateurs d'activit\u00e9s de plein air<\/td><\/tr><tr><td><strong>Op\u00e9rations de 72 heures<\/strong><\/td><td>40-60L<\/td><td>Ceinture de hanche portante, cadre interne, fermetures \u00e0 glissi\u00e8re durables<\/td><td>Militaires, premiers intervenants<\/td><\/tr><tr><td><strong>D\u00e9ploiement \u00e9tendu<\/strong><\/td><td>60-100L+<\/td><td>Attaches modulaires, mat\u00e9riaux robustes, grand compartiment principal<\/td><td>Militaires, \u00e9quipes d'exp\u00e9dition<\/td><\/tr><\/tbody><\/table><\/figure>\n\n\n\n<p><strong>Note<\/strong>: Les sacs \u00e0 dos tactiques vides p\u00e8sent g\u00e9n\u00e9ralement de 3 \u00e0 8 livres pour les sacs de 30 \u00e0 50 litres, en fonction des mat\u00e9riaux utilis\u00e9s (500D ou 1000D). <a href=\"https:\/\/cordura.com\/\" target=\"_blank\" rel=\"noreferrer noopener nofollow\">Cordura<\/a>. \u00c9quilibrer la capacit\u00e9 et le poids pour assurer la mobilit\u00e9 de l'utilisateur.<\/p>\n\n\n\n<figure class=\"wp-block-image size-full\"><img loading=\"lazy\" decoding=\"async\" width=\"612\" height=\"408\" src=\"https:\/\/media.lqcompany.com\/2025\/02\/an-adult-man-hold-backpack-on-a-camping-trip-outdoor.webp\" alt=\"\" class=\"wp-image-10413\" srcset=\"https:\/\/media.lqcompany.com\/2025\/02\/an-adult-man-hold-backpack-on-a-camping-trip-outdoor-300x200.webp 300w, https:\/\/media.lqcompany.com\/2025\/02\/an-adult-man-hold-backpack-on-a-camping-trip-outdoor-18x12.webp 18w, https:\/\/media.lqcompany.com\/2025\/02\/an-adult-man-hold-backpack-on-a-camping-trip-outdoor.webp 612w\" sizes=\"auto, (max-width: 612px) 100vw, 612px\" \/><\/figure>\n\n\n\n<h2 class=\"wp-block-heading\">Principales caract\u00e9ristiques de conception influant sur la capacit\u00e9 des sacs \u00e0 dos tactiques<\/h2>\n\n\n\n<p>Plusieurs \u00e9l\u00e9ments de conception influencent la capacit\u00e9 d'utilisation d'un sac \u00e0 dos tactique et son ad\u00e9quation \u00e0 des missions sp\u00e9cifiques :<\/p>\n\n\n\n<ul class=\"wp-block-list\">\n<li><strong>Sangle MOLLE\/PALS<\/strong>: Permet de fixer des pochettes, mais peut r\u00e9duire l'espace int\u00e9rieur en raison des coutures ou de l'encombrement suppl\u00e9mentaire.<\/li>\n<\/ul>\n\n\n\n<ul class=\"wp-block-list\">\n<li><strong>Sangles de compression<\/strong>: Ils stabilisent les charges et emp\u00eachent les d\u00e9placements, mais limitent le volume maximal lorsqu'ils sont serr\u00e9s.<\/li>\n<\/ul>\n\n\n\n<ul class=\"wp-block-list\">\n<li><strong>Cadres internes<\/strong>: Les cadres offrent une structure pour les charges lourdes mais r\u00e9duisent la capacit\u00e9 de 1 \u00e0 3 litres.<\/li>\n<\/ul>\n\n\n\n<ul class=\"wp-block-list\">\n<li><strong>Manchons d'hydratation<\/strong>: Ces pochettes permettent d'accueillir des poches \u00e0 eau mais r\u00e9duisent l'espace du compartiment principal.<\/li>\n<\/ul>\n\n\n\n<ul class=\"wp-block-list\">\n<li><strong>Am\u00e9nagements \u00e0 compartiments multiples<\/strong>: Les compartiments s\u00e9par\u00e9s am\u00e9liorent l'organisation mais r\u00e9duisent le volume utile de la cavit\u00e9 principale.<\/li>\n<\/ul>\n\n\n\n<p><strong>Exemple<\/strong>: Un sac \u00e0 dos de 40 litres dot\u00e9 d'une armature rigide et d'une pochette d'hydratation peut n'offrir que 33 \u00e0 35 litres d'espace utilisable en raison de ces caract\u00e9ristiques.<\/p>\n\n\n\n<figure class=\"wp-block-gallery has-nested-images columns-default is-cropped wp-block-gallery-1 is-layout-flex wp-block-gallery-is-layout-flex\">\n<figure class=\"wp-block-image size-large\"><a class=\"none-link\" href=\"https:\/\/www.lqcompany.com\/tactical-backpack\/military-grade-backpack-assault-pack\/\"><img loading=\"lazy\" decoding=\"async\" width=\"750\" height=\"750\" data-id=\"10546\" src=\"https:\/\/media.lqcompany.com\/2025\/02\/2-3.webp\" alt=\"sac \u00e0 dos molleletonn\u00e9 d\u00e9coup\u00e9 au laser\" class=\"wp-image-10546\" srcset=\"https:\/\/media.lqcompany.com\/2025\/02\/2-3-300x300.webp 300w, https:\/\/media.lqcompany.com\/2025\/02\/2-3-150x150.webp 150w, https:\/\/media.lqcompany.com\/2025\/02\/2-3-12x12.webp 12w, https:\/\/media.lqcompany.com\/2025\/02\/2-3.webp 750w\" sizes=\"auto, (max-width: 750px) 100vw, 750px\" \/><\/a><\/figure>\n\n\n\n<figure class=\"wp-block-image size-large\"><a class=\"none-link\" href=\"https:\/\/www.lqcompany.com\/tactical-backpack\/tactical-molle-backpack-with-seperate-mesh-pockets\/\"><img loading=\"lazy\" decoding=\"async\" width=\"750\" height=\"750\" data-id=\"10460\" src=\"https:\/\/media.lqcompany.com\/2025\/02\/15.webp\" alt=\"Sac \u00e0 dos tactique MOLLE noir avec poches filet s\u00e9par\u00e9es\" class=\"wp-image-10460\" srcset=\"https:\/\/media.lqcompany.com\/2025\/02\/15-300x300.webp 300w, https:\/\/media.lqcompany.com\/2025\/02\/15-150x150.webp 150w, https:\/\/media.lqcompany.com\/2025\/02\/15-12x12.webp 12w, https:\/\/media.lqcompany.com\/2025\/02\/15.webp 750w\" sizes=\"auto, (max-width: 750px) 100vw, 750px\" \/><\/a><\/figure>\n<\/figure>\n\n\n\n<h2 class=\"wp-block-heading\">FAQs : Taille des sacs \u00e0 dos tactiques<\/h2>\n\n\n<div id=\"rank-math-faq\" class=\"rank-math-block\">\n<div class=\"rank-math-list\">\n<div id=\"faq-question-1751605701828\" class=\"rank-math-list-item\">\n<h3 class=\"rank-math-question\">1. Comment convertir les pouces cubes en litres ?<\/h3>\n<div class=\"rank-math-answer\">\n\n<p>Divisez les pouces cubes par 61,024. Par exemple, 2 000 pouces cubes \u00f7 61,024 \u2248 32,8 litres.<\/p>\n\n<\/div>\n<\/div>\n<div id=\"faq-question-1751605730632\" class=\"rank-math-list-item\">\n<h3 class=\"rank-math-question\">2. Quelle est la taille d'un bagage \u00e0 main conforme ?<\/h3>\n<div class=\"rank-math-answer\">\n\n<p>La plupart des compagnies a\u00e9riennes, par <a href=\"https:\/\/www.iata.org\/\" target=\"_blank\" rel=\"noreferrer noopener\">IATA<\/a> Selon les lignes directrices de la Commission europ\u00e9enne, les dimensions maximales sont de 22\u2033 x 14\u2033 x 9\u2033 (55 x 35 x 23 cm), y compris les poign\u00e9es et les roues. V\u00e9rifiez les politiques sp\u00e9cifiques des compagnies a\u00e9riennes, car les r\u00e8gles internationales et nationales peuvent varier.<\/p>\n\n<\/div>\n<\/div>\n<div id=\"faq-question-1751605761961\" class=\"rank-math-list-item\">\n<h3 class=\"rank-math-question\">3. Comment mesurer la longueur du torse pour un bon ajustement ?<\/h3>\n<div class=\"rank-math-answer\">\n\n<p>Pour garantir un ajustement confortable :<br \/>Localisez la vert\u00e8bre C7 (la bosse pro\u00e9minente \u00e0 la base de votre cou).<br \/>Trouvez la cr\u00eate iliaque (le sommet de l'os de la hanche).<br \/>Mesurez la distance entre ces points \u00e0 l'aide d'un m\u00e8tre souple.<br \/>Faites correspondre la mesure \u00e0 la taille du sac \u00e0 dos (par exemple, petit : 15-17\u2033, moyen : 17-19\u2033, grand : 19-21\u2033).<\/p>\n\n<\/div>\n<\/div>\n<div id=\"faq-question-1751605828744\" class=\"rank-math-list-item\">\n<h3 class=\"rank-math-question\">4. Puis-je ajouter de la capacit\u00e9 en externe ?<\/h3>\n<div class=\"rank-math-answer\">\n\n<p>Oui, les pochettes compatibles MOLLE peuvent augmenter la capacit\u00e9, mais elles ajoutent du poids et de l'encombrement, ce qui peut nuire \u00e0 l'\u00e9quilibre. Utilisez-les avec parcimonie pour le mat\u00e9riel essentiel.<\/p>\n\n<\/div>\n<\/div>\n<\/div>\n<\/div>\n\n\n<h2 class=\"wp-block-heading\">Sacs \u00e0 dos tactiques personnalis\u00e9s : Solutions d'approvisionnement<\/h2>\n\n\n\n<p>En tant que <a href=\"https:\/\/www.lqcompany.com\/\" target=\"_blank\" rel=\"noreferrer noopener\">fabricant d'\u00e9quipements tactiques<\/a> Avec plus de 16 ans d'exp\u00e9rience, nous sommes sp\u00e9cialis\u00e9s dans la production de produits de haute qualit\u00e9, <a href=\"https:\/\/www.lqcompany.com\/wholesale-tactical-bag\/\" target=\"_blank\" rel=\"noreferrer noopener\">sacs \u00e0 dos personnalisables<\/a> adapt\u00e9s aux besoins des clients. Nos capacit\u00e9s comprennent :<\/p>\n\n\n\n<ul class=\"wp-block-list\">\n<li><strong>Dimensions personnalis\u00e9es<\/strong>: Concevoir des sacs \u00e0 dos adapt\u00e9s \u00e0 des \u00e9quipements sp\u00e9cifiques, tels que des panneaux radio, des plaques de blindage ou des trousses m\u00e9dicales, afin de garantir une utilisation optimale de l'espace.<\/li>\n<\/ul>\n\n\n\n<ul class=\"wp-block-list\">\n<li><strong>Optimisation des mat\u00e9riaux<\/strong>: Utilisez des tissus durables mais l\u00e9gers comme le Cordura\u00ae 500D ou 1000D ou le nylon balistique pour \u00e9quilibrer la capacit\u00e9, le poids et la durabilit\u00e9.<\/li>\n<\/ul>\n\n\n\n<ul class=\"wp-block-list\">\n<li><strong>MOLLE Layout Engineering<\/strong>: Les sangles sont plac\u00e9es strat\u00e9giquement pour maximiser les options d'attache sans compromettre l'espace interne ou l'int\u00e9grit\u00e9 structurelle.<\/li>\n<\/ul>\n\n\n\n<ul class=\"wp-block-list\">\n<li><strong>Assurance qualit\u00e9<\/strong>: Respecter les normes, telles que la norme ISO 9001, afin d'assurer une qualit\u00e9 constante dans la production en vrac.<\/li>\n<\/ul>\n\n\n\n<ul class=\"wp-block-list\">\n<li><strong>Options de durabilit\u00e9<\/strong>: Proposer des mat\u00e9riaux respectueux de l'environnement, comme le polyester recycl\u00e9, pour r\u00e9pondre \u00e0 la demande croissante d'\u00e9quipements tactiques durables en 2025.<\/li>\n<\/ul>\n\n\n\n<ul class=\"wp-block-list\">\n<li><strong>Avantages des commandes group\u00e9es<\/strong>: Proposer des prix avantageux et une personnalisation de la marque (par exemple, broderie du logo) pour les commandes importantes.<\/li>\n<\/ul>\n\n\n\n<h2 class=\"wp-block-heading\">Conclusion<\/h2>\n\n\n\n<p>Comprendre les tailles, les dimensions et les calculs de capacit\u00e9 des sacs \u00e0 dos tactiques permet de s'assurer que l'\u00e9quipement fourni r\u00e9pond aux exigences du monde r\u00e9el. Privil\u00e9giez des mesures pr\u00e9cises, des volumes sp\u00e9cifiques \u00e0 la mission et une personnalisation \u00e9volutive.<\/p>\n\n\n\n<p><strong>Besoin d'une commande en gros de sacs \u00e0 dos tactiques avec une taille sur mesure ?<\/strong> <a href=\"https:\/\/www.lqcompany.com\/contact\/\">Contactez nous<\/a> pour des solutions personnalis\u00e9es r\u00e9pondant \u00e0 vos sp\u00e9cifications.<\/p>","protected":false},"excerpt":{"rendered":"<p>Apprenez \u00e0 choisir la bonne taille de sac \u00e0 dos tactique gr\u00e2ce \u00e0 notre guide complet. D\u00e9couvrez les mesures, les conseils en mati\u00e8re de capacit\u00e9 et les solutions d'approvisionnement personnalis\u00e9es.<\/p>","protected":false},"author":3,"featured_media":12573,"comment_status":"closed","ping_status":"open","sticky":false,"template":"","format":"standard","meta":{"_acf_changed":false,"footnotes":""},"categories":[15],"tags":[],"class_list":["post-10378","post","type-post","status-publish","format-standard","has-post-thumbnail","hentry","category-blog"],"blocksy_meta":[],"acf":[],"_links":{"self":[{"href":"https:\/\/www.lqcompany.com\/fr\/wp-json\/wp\/v2\/posts\/10378","targetHints":{"allow":["GET"]}}],"collection":[{"href":"https:\/\/www.lqcompany.com\/fr\/wp-json\/wp\/v2\/posts"}],"about":[{"href":"https:\/\/www.lqcompany.com\/fr\/wp-json\/wp\/v2\/types\/post"}],"author":[{"embeddable":true,"href":"https:\/\/www.lqcompany.com\/fr\/wp-json\/wp\/v2\/users\/3"}],"replies":[{"embeddable":true,"href":"https:\/\/www.lqcompany.com\/fr\/wp-json\/wp\/v2\/comments?post=10378"}],"version-history":[{"count":5,"href":"https:\/\/www.lqcompany.com\/fr\/wp-json\/wp\/v2\/posts\/10378\/revisions"}],"predecessor-version":[{"id":16523,"href":"https:\/\/www.lqcompany.com\/fr\/wp-json\/wp\/v2\/posts\/10378\/revisions\/16523"}],"wp:featuredmedia":[{"embeddable":true,"href":"https:\/\/www.lqcompany.com\/fr\/wp-json\/wp\/v2\/media\/12573"}],"wp:attachment":[{"href":"https:\/\/www.lqcompany.com\/fr\/wp-json\/wp\/v2\/media?parent=10378"}],"wp:term":[{"taxonomy":"category","embeddable":true,"href":"https:\/\/www.lqcompany.com\/fr\/wp-json\/wp\/v2\/categories?post=10378"},{"taxonomy":"post_tag","embeddable":true,"href":"https:\/\/www.lqcompany.com\/fr\/wp-json\/wp\/v2\/tags?post=10378"}],"curies":[{"name":"wp","href":"https:\/\/api.w.org\/{rel}","templated":true}]}}