{"id":14208,"date":"2025-09-12T07:39:01","date_gmt":"2025-09-12T07:39:01","guid":{"rendered":"https:\/\/www.lqcompany.com\/?p=14208"},"modified":"2025-09-12T07:39:45","modified_gmt":"2025-09-12T07:39:45","slug":"top-7-german-tactical-vest-manufacturers","status":"publish","type":"post","link":"https:\/\/www.lqcompany.com\/cs\/top-7-german-tactical-vest-manufacturers\/","title":{"rendered":"7 nejlep\u0161\u00edch n\u011bmeck\u00fdch v\u00fdrobc\u016f taktick\u00fdch vest"},"content":{"rendered":"<p>N\u011bmeck\u00fd v\u00fdrobn\u00ed sektor je zn\u00e1m\u00fd sv\u00fdm p\u0159esn\u00fdm stroj\u00edrenstv\u00edm, p\u0159\u00edsnou kontrolou kvality a technologick\u00fdm pokrokem. To plat\u00ed i pro pr\u016fmysl obrann\u00e9ho a taktick\u00e9ho vybaven\u00ed, kde spole\u010dnosti vyr\u00e1b\u011bj\u00ed taktick\u00e9 vesty a ochrann\u00e9 prost\u0159edky. Pro kupuj\u00edc\u00ed v oblasti n\u00e1kupu nebo brandingu nab\u00edzej\u00ed tito n\u011bme\u010dt\u00ed v\u00fdrobci taktick\u00fdch vest mo\u017enosti odoln\u00fdch a funk\u010dn\u00edch v\u00fdrobk\u016f.<\/p>\n\n\n\n<p>Tento pr\u016fvodce se zab\u00fdv\u00e1 n\u011bkolika kl\u00ed\u010dov\u00fdmi n\u011bmeck\u00fdmi spole\u010dnostmi, kter\u00e9 se zab\u00fdvaj\u00ed <a href=\"https:\/\/www.lqcompany.com\/tactical-vest-manufacturer\/\">v\u00fdroba taktick\u00fdch vest<\/a>. P\u0159ehled \u010derp\u00e1 z jejich ve\u0159ejn\u011b dostupn\u00fdch informac\u00ed, jako je sortiment v\u00fdrobk\u016f a pr\u00e1ce s klienty.<\/p>\n\n\n\n<h2 class=\"wp-block-heading\">Kl\u00ed\u010dov\u00e9 faktory p\u0159i v\u00fdb\u011bru n\u011bmeck\u00e9ho v\u00fdrobce taktick\u00fdch vest<\/h2>\n\n\n\n<p>P\u0159i v\u00fdb\u011bru partnera se zam\u011b\u0159te na tyto spole\u010dn\u00e9 rysy n\u011bmeck\u00e9 v\u00fdroby:<\/p>\n\n\n\n<ul class=\"wp-block-list\">\n<li><strong>In\u017een\u00fdrstv\u00ed a design<\/strong>: D\u016fraz na u\u017eivatelsk\u00fd komfort, praktick\u00e9 funkce a integraci syst\u00e9mu.<\/li>\n\n\n\n<li><strong>Materi\u00e1ly<\/strong>: Pou\u017eit\u00ed balistick\u00fdch tkanin, kompozit\u016f a lehk\u00fdch materi\u00e1l\u016f pro ochranu.<\/li>\n\n\n\n<li><strong>Certifikace<\/strong>: Dodr\u017eov\u00e1n\u00ed norem, jako je ISO 9001, a \u010dasto i specifick\u00fdch po\u017eadavk\u016f NATO nebo N\u011bmecka, jako je nap\u0159. <a href=\"https:\/\/en.wikipedia.org\/wiki\/List_of_body_armor_performance_standards\" target=\"_blank\" rel=\"noreferrer noopener\">VPAM<\/a>.<\/li>\n\n\n\n<li><strong>Klientsk\u00e1 z\u00e1kladna<\/strong>: Z\u00e1sobov\u00e1n\u00ed ozbrojen\u00fdch sil, policie a mezin\u00e1rodn\u00edch agentur.<\/li>\n<\/ul>\n\n\n\n<h2 class=\"wp-block-heading\">P\u0159edn\u00ed n\u011bme\u010dt\u00ed v\u00fdrobci taktick\u00fdch vest<\/h2>\n\n\n\n<h3 class=\"wp-block-heading\">Leo K\u00f6hler GmbH<\/h3>\n\n\n\n<figure class=\"wp-block-image size-full\"><img loading=\"lazy\" decoding=\"async\" width=\"955\" height=\"757\" src=\"https:\/\/media.lqcompany.com\/2025\/09\/Leo-Kohler-GmbH.webp\" alt=\"N\u011bmeck\u00fd v\u00fdrobce taktick\u00fdch vest, Leo K\u00f6hler GmbH\" class=\"wp-image-14242\" srcset=\"https:\/\/media.lqcompany.com\/2025\/09\/Leo-Kohler-GmbH-300x238.webp 300w, https:\/\/media.lqcompany.com\/2025\/09\/Leo-Kohler-GmbH-768x609.webp 768w, https:\/\/media.lqcompany.com\/2025\/09\/Leo-Kohler-GmbH-15x12.webp 15w, https:\/\/media.lqcompany.com\/2025\/09\/Leo-Kohler-GmbH.webp 955w\" sizes=\"auto, (max-width: 955px) 100vw, 955px\" \/><\/figure>\n\n\n\n<p>Spole\u010dnost Leo K\u00f6hler je zaveden\u00fdm dodavatelem v oblasti taktick\u00e9ho vybaven\u00ed v N\u011bmecku a dod\u00e1v\u00e1 vybaven\u00ed pro Bundeswehr (n\u011bmeck\u00e9 ozbrojen\u00e9 s\u00edly). M\u00e1 zku\u0161enosti s v\u00fdrobou standardn\u00edho vybaven\u00ed, v\u010detn\u011b nosn\u00fdch vest.<\/p>\n\n\n\n<p><strong>Schopnosti<\/strong>: Zaji\u0161\u0165uj\u00ed velkos\u00e9riovou v\u00fdrobu modul\u00e1rn\u00edch syst\u00e9m\u016f vest, kter\u00e9 spl\u0148uj\u00ed vojensk\u00e9 specifikace, a to od n\u00e1vrhu a\u017e po dod\u00e1n\u00ed pro vl\u00e1dn\u00ed zak\u00e1zky.<\/p>\n\n\n\n<h3 class=\"wp-block-heading\">Mehler Vario System GmbH<\/h3>\n\n\n\n<figure class=\"wp-block-image size-large\"><img loading=\"lazy\" decoding=\"async\" width=\"1024\" height=\"486\" src=\"https:\/\/media.lqcompany.com\/2025\/09\/Mehler-Vario-System-GmbH.webp\" alt=\"Mehler Vario System GmbH\" class=\"wp-image-14243\" srcset=\"https:\/\/media.lqcompany.com\/2025\/09\/Mehler-Vario-System-GmbH-300x142.webp 300w, https:\/\/media.lqcompany.com\/2025\/09\/Mehler-Vario-System-GmbH.webp 1024w, https:\/\/media.lqcompany.com\/2025\/09\/Mehler-Vario-System-GmbH-768x365.webp 768w, https:\/\/media.lqcompany.com\/2025\/09\/Mehler-Vario-System-GmbH-18x9.webp 18w, https:\/\/media.lqcompany.com\/2025\/09\/Mehler-Vario-System-GmbH.webp 1438w\" sizes=\"auto, (max-width: 1024px) 100vw, 1024px\" \/><\/figure>\n\n\n\n<p>Spole\u010dnost Mehler, zn\u00e1m\u00e1 sv\u00fdmi ochrann\u00fdmi pom\u016fckami, vyvinula syst\u00e9m Vario\u00ae pro p\u0159izp\u016fsobiteln\u00e9 nastaven\u00ed z\u00e1t\u011b\u017ee a ochrany. Dod\u00e1v\u00e1 ozbrojen\u00fdm sil\u00e1m a policejn\u00edm jednotk\u00e1m v mnoha zem\u00edch.<\/p>\n\n\n\n<p><strong>Schopnosti<\/strong>: Zam\u011b\u0159te se na p\u0159izp\u016fsobiteln\u00e9 modul\u00e1rn\u00ed vesty pro r\u016fzn\u00e9 operace s konstrukc\u00ed, kter\u00e1 podporuje mobilitu, rozlo\u017een\u00ed hmotnosti a \u00farove\u0148 ochrany. N\u011bmeck\u00fdm ozbrojen\u00fdm sil\u00e1m dodali v\u00edce ne\u017e 100 000 kus\u016f.<\/p>\n\n\n\n<h3 class=\"wp-block-heading\">Sachsenleder GmbH &amp; Co. KG<\/h3>\n\n\n\n<p>Spole\u010dnost Sachsenleder se specializuje na v\u00fdrobu k\u016f\u017ee a technick\u00fdch tkanin a vyr\u00e1b\u00ed taktick\u00e9 p\u0159edm\u011bty, jako jsou vesty a postroje. Slou\u017e\u00ed n\u011bmeck\u00fdm bezpe\u010dnostn\u00edm agentur\u00e1m a zahrani\u010dn\u00edm z\u00e1kazn\u00edk\u016fm.<\/p>\n\n\n\n<p><strong>Schopnosti<\/strong>: Kombinuj\u00ed tradi\u010dn\u00ed metody se sou\u010dasnou v\u00fdrobou a kladou d\u016fraz na odoln\u00e9 vesty pro policejn\u00ed a bezpe\u010dnostn\u00ed pou\u017eit\u00ed, kter\u00e9 zaji\u0161\u0165uj\u00ed spolehlivou konstrukci.<\/p>\n\n\n\n<h3 class=\"wp-block-heading\">Zentauron GmbH<\/h3>\n\n\n\n<figure class=\"wp-block-image size-large\"><img loading=\"lazy\" decoding=\"async\" width=\"1024\" height=\"365\" src=\"https:\/\/media.lqcompany.com\/2025\/09\/Zentauron-GmbH.webp\" alt=\"Zentauron GmbH\" class=\"wp-image-14244\" srcset=\"https:\/\/media.lqcompany.com\/2025\/09\/Zentauron-GmbH-300x107.webp 300w, https:\/\/media.lqcompany.com\/2025\/09\/Zentauron-GmbH.webp 1024w, https:\/\/media.lqcompany.com\/2025\/09\/Zentauron-GmbH-768x274.webp 768w, https:\/\/media.lqcompany.com\/2025\/09\/Zentauron-GmbH-18x6.webp 18w, https:\/\/media.lqcompany.com\/2025\/09\/Zentauron-GmbH.webp 1510w\" sizes=\"auto, (max-width: 1024px) 100vw, 1024px\" \/><\/figure>\n\n\n\n<p>Spole\u010dnost Zentauron vyr\u00e1b\u00ed taktick\u00e9 vybaven\u00ed pro ozbrojen\u00e9 slo\u017eky a profesion\u00e1ly, v\u010detn\u011b nosi\u010d\u016f pl\u00e1t\u016f a hrudn\u00edch p\u00e1s\u016f. Jejich v\u00fdrobky zohled\u0148uj\u00ed zp\u011btnou vazbu od u\u017eivatel\u016f.<\/p>\n\n\n\n<p><strong>Schopnosti<\/strong>: Vyr\u00e1b\u011bj\u00ed praktick\u00e9 vesty s pevnou konstrukc\u00ed, kompatibiln\u00ed s modern\u00edm vybaven\u00edm. V\u0161echny polo\u017eky jsou vyr\u00e1b\u011bny v N\u011bmecku, s mo\u017enost\u00ed vojensk\u00e9ho a z\u00e1chran\u00e1\u0159sk\u00e9ho pou\u017eit\u00ed.<\/p>\n\n\n\n<h3 class=\"wp-block-heading\">Lindnerhof-Taktik GmbH<\/h3>\n\n\n\n<figure class=\"wp-block-image size-full is-resized\"><img loading=\"lazy\" decoding=\"async\" width=\"912\" height=\"554\" src=\"https:\/\/media.lqcompany.com\/2025\/09\/Lindnerhof-Taktik-GmbH.webp\" alt=\"Lindnerhof-Taktik GmbH\" class=\"wp-image-14245\" style=\"width:607px;height:auto\" srcset=\"https:\/\/media.lqcompany.com\/2025\/09\/Lindnerhof-Taktik-GmbH-300x182.webp 300w, https:\/\/media.lqcompany.com\/2025\/09\/Lindnerhof-Taktik-GmbH-768x467.webp 768w, https:\/\/media.lqcompany.com\/2025\/09\/Lindnerhof-Taktik-GmbH-18x12.webp 18w, https:\/\/media.lqcompany.com\/2025\/09\/Lindnerhof-Taktik-GmbH.webp 912w\" sizes=\"auto, (max-width: 912px) 100vw, 912px\" \/><\/figure>\n\n\n\n<p>Spole\u010dnost Lindnerhof je dodavatelem taktick\u00fdch syst\u00e9m\u016f pro speci\u00e1ln\u00ed jednotky a org\u00e1ny \u010dinn\u00e9 v trestn\u00edm \u0159\u00edzen\u00ed a navrhuje nosi\u010de pl\u00e1t\u016f a vesty s modul\u00e1rn\u00edmi funkcemi.<\/p>\n\n\n\n<p><strong>Schopnosti<\/strong>: Jejich vesty nab\u00edzej\u00ed bezpe\u010dn\u00e9 uchycen\u00ed desek, p\u0159izp\u016fsoben\u00ed t\u011blu pro pohyb a integraci s p\u0159\u00edslu\u0161enstv\u00edm. Pou\u017e\u00edvaj\u00ed je n\u011bmeck\u00e9 speci\u00e1ln\u00ed jednotky a kladou d\u016fraz na lehk\u00e9 a odoln\u00e9 materi\u00e1ly.<\/p>\n\n\n\n<h3 class=\"wp-block-heading\">75Tactical GmbH<\/h3>\n\n\n\n<p>Tato spole\u010dnost vyr\u00e1b\u00ed taktick\u00e9 vybaven\u00ed, v\u010detn\u011b nosi\u010d\u016f pl\u00e1t\u016f a vest, pro arm\u00e1du a policii. Zam\u011b\u0159uje se na kvalitn\u00ed v\u00fdrobu v N\u011bmecku.<\/p>\n\n\n\n<p><strong>Schopnosti<\/strong>: Modul\u00e1rn\u00ed konstrukce umo\u017e\u0148uj\u00ed vlastn\u00ed nastaven\u00ed s pouzdry a pouzdry. Vhodn\u00e9 pro provozovatele, kte\u0159\u00ed pot\u0159ebuj\u00ed spolehliv\u00e9, roz\u0161i\u0159iteln\u00e9 syst\u00e9my.<\/p>\n\n\n\n<h3 class=\"wp-block-heading\">Tasm\u00e1nsk\u00fd tygr (zna\u010dka spole\u010dnosti Tatonka GmbH)<\/h3>\n\n\n\n<figure class=\"wp-block-image size-full is-resized\"><img loading=\"lazy\" decoding=\"async\" width=\"995\" height=\"500\" src=\"https:\/\/media.lqcompany.com\/2025\/09\/Tasmanian-Tiger.webp\" alt=\"Tasm\u00e1nsk\u00fd tygr\" class=\"wp-image-14246\" style=\"width:639px;height:auto\" srcset=\"https:\/\/media.lqcompany.com\/2025\/09\/Tasmanian-Tiger-300x151.webp 300w, https:\/\/media.lqcompany.com\/2025\/09\/Tasmanian-Tiger-768x386.webp 768w, https:\/\/media.lqcompany.com\/2025\/09\/Tasmanian-Tiger-18x9.webp 18w, https:\/\/media.lqcompany.com\/2025\/09\/Tasmanian-Tiger.webp 995w\" sizes=\"auto, (max-width: 995px) 100vw, 995px\" \/><\/figure>\n\n\n\n<p>Spole\u010dnost Tasmanian Tiger dod\u00e1v\u00e1 profesion\u00e1ln\u00ed vojensk\u00e9 a policejn\u00ed vybaven\u00ed, nap\u0159\u00edklad hrudn\u00ed p\u00e1sy a nosn\u00e9 vesty. Spole\u010dnost s\u00eddl\u00ed v N\u011bmecku a m\u00e1 celosv\u011btovou p\u016fsobnost.<\/p>\n\n\n\n<p><strong>Schopnosti<\/strong>: Nab\u00edzej\u00ed vesty kompatibiln\u00ed s MOLLE pro taktick\u00e9 pou\u017eit\u00ed, s odoln\u00fdmi tkaninami a funk\u010dn\u00edm \u00falo\u017en\u00fdm prostorem. V\u00fdrobky jsou navr\u017eeny pro spolehlivost v ter\u00e9nu a pou\u017e\u00edvaj\u00ed je r\u016fzn\u00e9 slo\u017eky.<\/p>\n\n\n\n<h2 class=\"wp-block-heading\">Zkoum\u00e1n\u00ed n\u011bmeck\u00e9ho trhu s taktick\u00fdmi vestami<\/h2>\n\n\n\n<p>N\u011bme\u010dt\u00ed v\u00fdrobci kladou u taktick\u00fdch vest d\u016fraz na kvalitu a spln\u011bn\u00ed pot\u0159eb u\u017eivatel\u016f. Pro kupuj\u00edc\u00ed mimo N\u011bmecko je u\u017eite\u010dn\u00e9 prov\u011b\u0159it siln\u00e9 str\u00e1nky jednotliv\u00fdch spole\u010dnost\u00ed, jako je smluvn\u00ed zpracov\u00e1n\u00ed nebo zak\u00e1zkov\u00e9 n\u00e1vrhy.<br>Budov\u00e1n\u00ed partnerstv\u00ed zahrnuje sd\u00edlen\u00ed podrobnost\u00ed o specifikac\u00edch, objemech a \u010dasov\u00fdch pl\u00e1nech. Standardn\u00edm a doporu\u010den\u00fdm krokem je vy\u017e\u00e1d\u00e1n\u00ed vzork\u016f a dokumentace proces\u016f zaji\u0161t\u011bn\u00ed kvality.<\/p>\n\n\n\n<h2 class=\"wp-block-heading\">\u010casto kladen\u00e9 ot\u00e1zky (FAQ)<\/h2>\n\n\n<div id=\"rank-math-faq\" class=\"rank-math-block\">\n<div class=\"rank-math-list\">\n<div id=\"faq-question-1757648464569\" class=\"rank-math-list-item\">\n<h3 class=\"rank-math-question\">V \u010dem se n\u011bme\u010dt\u00ed v\u00fdrobci taktick\u00fdch vest li\u0161\u00ed?<\/h3>\n<div class=\"rank-math-answer\">\n\n<p>Zam\u011b\u0159uj\u00ed se na in\u017een\u00fdrstv\u00ed, testov\u00e1n\u00ed a dodr\u017eov\u00e1n\u00ed norem. Mnoh\u00e9 z nich jsou napojeny na dodavatelsk\u00e9 s\u00edt\u011b NATO a Evropy.<\/p>\n\n<\/div>\n<\/div>\n<div id=\"faq-question-1757648548997\" class=\"rank-math-list-item\">\n<h3 class=\"rank-math-question\">Mohou se tito v\u00fdrobci p\u0159izp\u016fsobit kupuj\u00edc\u00edm v zahrani\u010d\u00ed?<\/h3>\n<div class=\"rank-math-answer\">\n\n<p>Ano, mnoho z nich poskytuje slu\u017eby OEM. Jeliko\u017e \u010dasto zpracov\u00e1vaj\u00ed projekty ve vl\u00e1dn\u00edm m\u011b\u0159\u00edtku, pora\u010fte se s nimi p\u0159edem o velikosti zak\u00e1zky, dodac\u00edch lh\u016ft\u00e1ch a po\u017eadavc\u00edch.<\/p>\n\n<\/div>\n<\/div>\n<div id=\"faq-question-1757648633299\" class=\"rank-math-list-item\">\n<h3 class=\"rank-math-question\">Jsou vesty n\u011bmeck\u00e9 v\u00fdroby ur\u010deny pouze pro vojensk\u00e9 \u00fa\u010dely?<\/h3>\n<div class=\"rank-math-answer\">\n\n<p>P\u0159esto\u017ee hlavn\u00edm trhem je arm\u00e1da a org\u00e1ny \u010dinn\u00e9 v trestn\u00edm \u0159\u00edzen\u00ed, jejich v\u00fdrobky pou\u017e\u00edvaj\u00ed tak\u00e9 bezpe\u010dnostn\u00ed firmy, z\u00e1sahov\u00e9 jednotky a specializovan\u00ed outdoorov\u00ed profesion\u00e1lov\u00e9, kte\u0159\u00ed pot\u0159ebuj\u00ed spolehliv\u00e9 vybaven\u00ed.<\/p>\n\n<\/div>\n<\/div>\n<div id=\"faq-question-1757648714307\" class=\"rank-math-list-item\">\n<h3 class=\"rank-math-question\">Jak\u00e9 certifik\u00e1ty bych m\u011bl hledat?<\/h3>\n<div class=\"rank-math-answer\">\n\n<p>Za\u010dn\u011bte s ISO 9001. U balistick\u00fdch vest se informujte o shod\u011b s normami VPAM (N\u011bmecko) nebo NIJ (USA). U vojensk\u00fdch zak\u00e1zek jsou z\u00e1sadn\u00ed zku\u0161enosti s normami NATO STANAG.<\/p>\n\n<\/div>\n<\/div>\n<\/div>\n<\/div>\n\n\n<p><strong>Odm\u00edtnut\u00ed odpov\u011bdnosti<\/strong>: Tento p\u0159ehled vyu\u017e\u00edv\u00e1 ve\u0159ejn\u00e9 \u00fadaje pouze pro informaci. Nejedn\u00e1 se o potvrzen\u00ed. Kupuj\u00edc\u00ed by si m\u011bli ov\u011b\u0159it podrobnosti, vy\u017e\u00e1dat si vzorky a ov\u011b\u0159it si certifikace p\u0159\u00edmo u v\u00fdrobc\u016f.<\/p>","protected":false},"excerpt":{"rendered":"<p>A guide to Germany&#8217;s leading tactical vest manufacturers. Explore companies known for engineering excellence, innovation, and supplying global military and law enforcement units.<\/p>","protected":false},"author":3,"featured_media":14251,"comment_status":"closed","ping_status":"closed","sticky":false,"template":"","format":"standard","meta":{"_acf_changed":false,"footnotes":""},"categories":[15],"tags":[],"class_list":["post-14208","post","type-post","status-publish","format-standard","has-post-thumbnail","hentry","category-blog"],"blocksy_meta":[],"acf":[],"_links":{"self":[{"href":"https:\/\/www.lqcompany.com\/cs\/wp-json\/wp\/v2\/posts\/14208","targetHints":{"allow":["GET"]}}],"collection":[{"href":"https:\/\/www.lqcompany.com\/cs\/wp-json\/wp\/v2\/posts"}],"about":[{"href":"https:\/\/www.lqcompany.com\/cs\/wp-json\/wp\/v2\/types\/post"}],"author":[{"embeddable":true,"href":"https:\/\/www.lqcompany.com\/cs\/wp-json\/wp\/v2\/users\/3"}],"replies":[{"embeddable":true,"href":"https:\/\/www.lqcompany.com\/cs\/wp-json\/wp\/v2\/comments?post=14208"}],"version-history":[{"count":5,"href":"https:\/\/www.lqcompany.com\/cs\/wp-json\/wp\/v2\/posts\/14208\/revisions"}],"predecessor-version":[{"id":14252,"href":"https:\/\/www.lqcompany.com\/cs\/wp-json\/wp\/v2\/posts\/14208\/revisions\/14252"}],"wp:featuredmedia":[{"embeddable":true,"href":"https:\/\/www.lqcompany.com\/cs\/wp-json\/wp\/v2\/media\/14251"}],"wp:attachment":[{"href":"https:\/\/www.lqcompany.com\/cs\/wp-json\/wp\/v2\/media?parent=14208"}],"wp:term":[{"taxonomy":"category","embeddable":true,"href":"https:\/\/www.lqcompany.com\/cs\/wp-json\/wp\/v2\/categories?post=14208"},{"taxonomy":"post_tag","embeddable":true,"href":"https:\/\/www.lqcompany.com\/cs\/wp-json\/wp\/v2\/tags?post=14208"}],"curies":[{"name":"wp","href":"https:\/\/api.w.org\/{rel}","templated":true}]}}