{"id":12445,"date":"2025-07-02T03:13:48","date_gmt":"2025-07-02T03:13:48","guid":{"rendered":"https:\/\/www.lqcompany.com\/?p=12445"},"modified":"2025-07-02T03:13:51","modified_gmt":"2025-07-02T03:13:51","slug":"scaling-custom-tactical-vest-production-5-pitfalls-to-avoid","status":"publish","type":"post","link":"https:\/\/www.lqcompany.com\/cs\/scaling-custom-tactical-vest-production-5-pitfalls-to-avoid\/","title":{"rendered":"Roz\u0161\u00ed\u0159en\u00ed v\u00fdroby taktick\u00fdch vest na zak\u00e1zku: 5 \u00faskal\u00ed, kter\u00fdm je t\u0159eba se vyhnout"},"content":{"rendered":"<p>Jako v\u00fdrobce taktick\u00fdch vest, kter\u00fd v oboru p\u016fsob\u00ed ji\u017e v\u00edce ne\u017e 15 let, jsme se na vlastn\u00ed k\u016f\u017ei p\u0159esv\u011bd\u010dili, \u017ee roz\u0161i\u0159ov\u00e1n\u00ed zak\u00e1zkov\u00e9 v\u00fdroby - a\u0165 u\u017e pro org\u00e1ny \u010dinn\u00e9 v trestn\u00edm \u0159\u00edzen\u00ed, vojensk\u00e9 zak\u00e1zky nebo velkoobchodn\u00ed partnery - p\u0159in\u00e1\u0161\u00ed jedine\u010dn\u00e9 provozn\u00ed v\u00fdzvy.<\/p>\n\n\n\n<p>Na rozd\u00edl od standardizovan\u00e9 v\u00fdstroje vy\u017eaduj\u00ed taktick\u00e9 vesty na zak\u00e1zku p\u0159esn\u00fd design, materi\u00e1ly a mont\u00e1\u017e, aby vyhovovaly r\u016fzn\u00fdm opera\u010dn\u00edm pot\u0159eb\u00e1m. Na z\u00e1klad\u011b na\u0161ich zku\u0161enost\u00ed uv\u00e1d\u00edme p\u011bt kritick\u00fdch \u00faskal\u00ed, kter\u00fdm je t\u0159eba se p\u0159i roz\u0161i\u0159ov\u00e1n\u00ed v\u00fdroby vyhnout, a praktick\u00e1 \u0159e\u0161en\u00ed, kter\u00e1 zajist\u00ed \u00fasp\u011bch.<\/p>\n\n\n\n<h2 class=\"wp-block-heading\">\u00daskal\u00ed 1: Podcen\u011bn\u00ed slo\u017eitosti z\u00edsk\u00e1v\u00e1n\u00ed materi\u00e1l\u016f<\/h2>\n\n\n\n<p><strong>Vyd\u00e1n\u00ed<\/strong>: Roz\u0161i\u0159ov\u00e1n\u00ed v\u00fdroby taktick\u00fdch vest na zak\u00e1zku \u010dasto nar\u00e1\u017e\u00ed na zpo\u017ed\u011bn\u00ed p\u0159i sh\u00e1n\u011bn\u00ed specializovan\u00fdch materi\u00e1l\u016f, jako je Cordura\u00ae, Hypalon\u00ae nebo balistick\u00fd nylon. Po\u017eadavky na zak\u00e1zku - jako jsou specifick\u00e9 barvy, neho\u0159lav\u00e9 povlaky nebo <strong>Popruhy MOLLE<\/strong> v\u00fdkyvy - mohou zat\u00ed\u017eit dodavatelsk\u00e9 \u0159et\u011bzce a v\u00e9st k \u00fazk\u00fdm m\u00edst\u016fm.<\/p>\n\n\n\n<p><strong>Kontrola reality<\/strong>: Trendy v odv\u011btv\u00ed ukazuj\u00ed, \u017ee zpo\u017ed\u011bn\u00ed materi\u00e1lu je hlavn\u00ed p\u0159\u00ed\u010dinou zpo\u017ed\u011bn\u00ed v\u00fdroby, zejm\u00e9na u zak\u00e1zek na zak\u00e1zku, kter\u00e9 vy\u017eaduj\u00ed shodu s normami, jako je MIL-STD-810 pro odolnost nebo NIJ pro balistick\u00e9 vlastnosti.<\/p>\n\n\n\n<p><strong>\u0158e\u0161en\u00ed<\/strong>:<\/p>\n\n\n\n<ul class=\"wp-block-list\">\n<li>v\u010dasn\u00fd audit dodavatel\u016f, abyste si ov\u011b\u0159ili jejich kapacitu a soulad s pr\u016fmyslov\u00fdmi normami.<\/li>\n<\/ul>\n\n\n\n<ul class=\"wp-block-list\">\n<li>Udr\u017eujte strategick\u00e9 z\u00e1soby kritick\u00fdch tkanin (nap\u0159. nylon 500D-1000D) a z\u00e1rove\u0148 vyva\u017eujte n\u00e1klady na z\u00e1soby, abyste se vyhnuli nadm\u011brn\u00fdm z\u00e1sob\u00e1m.<\/li>\n<\/ul>\n\n\n\n<ul class=\"wp-block-list\">\n<li>Budov\u00e1n\u00ed vztah\u016f s v\u00edce dodavateli s c\u00edlem zm\u00edrnit rizika zpo\u017ed\u011bn\u00ed.<\/li>\n<\/ul>\n\n\n\n<figure class=\"wp-block-gallery has-nested-images columns-default is-cropped wp-block-gallery-1 is-layout-flex wp-block-gallery-is-layout-flex\">\n<figure class=\"wp-block-image size-large\"><img loading=\"lazy\" decoding=\"async\" width=\"683\" height=\"1024\" data-id=\"12480\" src=\"https:\/\/media.lqcompany.com\/2025\/07\/Green-tactical-vest-with-MOLLE-webbing-and-padded-shoulder-straps.webp\" alt=\"Zelen\u00e1 taktick\u00e1 vesta s popruhy MOLLE a polstrovan\u00fdmi ramenn\u00edmi popruhy\" class=\"wp-image-12480\" srcset=\"https:\/\/media.lqcompany.com\/2025\/07\/Green-tactical-vest-with-MOLLE-webbing-and-padded-shoulder-straps-200x300.webp 200w, https:\/\/media.lqcompany.com\/2025\/07\/Green-tactical-vest-with-MOLLE-webbing-and-padded-shoulder-straps.webp 683w, https:\/\/media.lqcompany.com\/2025\/07\/Green-tactical-vest-with-MOLLE-webbing-and-padded-shoulder-straps-768x1152.webp 768w, https:\/\/media.lqcompany.com\/2025\/07\/Green-tactical-vest-with-MOLLE-webbing-and-padded-shoulder-straps-8x12.webp 8w, https:\/\/media.lqcompany.com\/2025\/07\/Green-tactical-vest-with-MOLLE-webbing-and-padded-shoulder-straps.webp 800w\" sizes=\"auto, (max-width: 683px) 100vw, 683px\" \/><\/figure>\n\n\n\n<figure class=\"wp-block-image size-large\"><img loading=\"lazy\" decoding=\"async\" width=\"683\" height=\"1024\" data-id=\"12481\" src=\"https:\/\/media.lqcompany.com\/2025\/07\/Green-tactical-vest-with-MOLLE-webbing-and-adjustable-straps.webp\" alt=\"Zelen\u00e1 taktick\u00e1 vesta s popruhy MOLLE a nastaviteln\u00fdmi popruhy\" class=\"wp-image-12481\" srcset=\"https:\/\/media.lqcompany.com\/2025\/07\/Green-tactical-vest-with-MOLLE-webbing-and-adjustable-straps-200x300.webp 200w, https:\/\/media.lqcompany.com\/2025\/07\/Green-tactical-vest-with-MOLLE-webbing-and-adjustable-straps.webp 683w, https:\/\/media.lqcompany.com\/2025\/07\/Green-tactical-vest-with-MOLLE-webbing-and-adjustable-straps-768x1152.webp 768w, https:\/\/media.lqcompany.com\/2025\/07\/Green-tactical-vest-with-MOLLE-webbing-and-adjustable-straps-8x12.webp 8w, https:\/\/media.lqcompany.com\/2025\/07\/Green-tactical-vest-with-MOLLE-webbing-and-adjustable-straps.webp 800w\" sizes=\"auto, (max-width: 683px) 100vw, 683px\" \/><\/figure>\n<\/figure>\n\n\n\n<h2 class=\"wp-block-heading\">\u00daskal\u00ed 2: Neefektivn\u00ed spr\u00e1va modul\u00e1rn\u00edch komponent<\/h2>\n\n\n\n<p><strong>Vyd\u00e1n\u00ed<\/strong>: Zak\u00e1zkov\u00e9 taktick\u00e9 vesty obsahuj\u00ed modul\u00e1rn\u00ed sou\u010d\u00e1sti, jako jsou vaky na desky, \u00fachyty pro p\u0159etahov\u00e1n\u00ed a panely pro spr\u00e1vu, co\u017e vy\u017eaduje p\u0159esnou kontrolu verz\u00ed. Roz\u0161i\u0159ov\u00e1n\u00ed v\u00fdroby zvy\u0161uje riziko chyb p\u0159i mont\u00e1\u017ei, pokud jsou sou\u010d\u00e1sti nesourod\u00e9.<\/p>\n\n\n\n<p><strong>Kontrola reality<\/strong>: Zpr\u00e1vy z pr\u016fmyslu nazna\u010duj\u00ed, \u017ee nesoulad komponent\u016f je v\u00fdznamn\u00fdm zdrojem vad u zak\u00e1zkov\u00fdch zak\u00e1zek v m\u011b\u0159\u00edtku, co\u017e vede k p\u0159epracov\u00e1n\u00ed a zpo\u017ed\u011bn\u00ed.<\/p>\n\n\n\n<p><strong>\u0158e\u0161en\u00ed<\/strong>:<\/p>\n\n\n\n<ul class=\"wp-block-list\">\n<li>Zaveden\u00ed digit\u00e1ln\u00edch sledovac\u00edch syst\u00e9m\u016f, jako je RFID, ke sledov\u00e1n\u00ed komponent\u016f od \u0159ez\u00e1n\u00ed a\u017e po mont\u00e1\u017e, \u010d\u00edm\u017e se zajist\u00ed p\u0159esnost.<\/li>\n<\/ul>\n\n\n\n<ul class=\"wp-block-list\">\n<li>Pou\u017e\u00edvejte digit\u00e1ln\u00ed specifikace n\u00e1vrhu s jasnou histori\u00ed reviz\u00ed, aby byly aktualizace n\u00e1vrhu slad\u011bny nap\u0159\u00ed\u010d v\u00fdrobn\u00edmi t\u00fdmy.<\/li>\n<\/ul>\n\n\n\n<ul class=\"wp-block-list\">\n<li>sd\u00edlen\u00ed \u00fadaj\u016f o sledov\u00e1n\u00ed komponent s klienty B2B pro zv\u00fd\u0161en\u00ed transparentnosti a sn\u00ed\u017een\u00ed <strong>dodac\u00ed lh\u016fty<\/strong>.<\/li>\n<\/ul>\n\n\n\n<h2 class=\"wp-block-heading\">\u00daskal\u00ed 3: P\u0159ehl\u00ed\u017een\u00ed proces\u016f n\u00e1ro\u010dn\u00fdch na pracovn\u00ed s\u00edlu<\/h2>\n\n\n\n<p><strong>Vyd\u00e1n\u00ed<\/strong>: Vlastn\u00ed funkce, jako je <strong>laserem \u0159ezan\u00e9 popruhy PALS<\/strong>, <strong>ergonomick\u00e9 postroje<\/strong>, nebo integrovan\u00e9 s\u00e1\u010dky vy\u017eaduj\u00ed kvalifikovanou pr\u00e1ci. Urychlen\u00e9 roz\u0161\u00ed\u0159en\u00ed bez odpov\u00eddaj\u00edc\u00edho \u0161kolen\u00ed m\u016f\u017ee v\u00e9st k probl\u00e9m\u016fm s kvalitou a nekonzistentn\u00ed produkci.<\/p>\n\n\n\n<p><strong>Kl\u00ed\u010dov\u00e9 poznatky<\/strong>: V\u00fdroba vest na zak\u00e1zku si \u010dasto vy\u017e\u00e1d\u00e1 podstatn\u011b v\u00edce pracovn\u00edch hodin ne\u017e v\u00fdroba standardn\u00edch vest, a to v z\u00e1vislosti na slo\u017eitosti p\u0159izp\u016fsoben\u00ed.<\/p>\n\n\n\n<p><strong>\u0158e\u0161en\u00ed<\/strong>:<\/p>\n\n\n\n<ul class=\"wp-block-list\">\n<li>Pro zaji\u0161t\u011bn\u00ed flexibility pro\u0161kolte \u0161ic\u00ed pracovn\u00edky v kl\u00ed\u010dov\u00fdch procesech, jako je v\u00e1z\u00e1n\u00ed do pruh\u016f a v\u00e1z\u00e1n\u00ed.<\/li>\n<\/ul>\n\n\n\n<ul class=\"wp-block-list\">\n<li>P\u0159id\u011blte 15-20% dodate\u010dn\u00fd \u010das na zaji\u0161t\u011bn\u00ed kvality b\u011bhem po\u010d\u00e1te\u010dn\u00edch f\u00e1z\u00ed roz\u0161i\u0159ov\u00e1n\u00ed.<\/li>\n<\/ul>\n\n\n\n<ul class=\"wp-block-list\">\n<li>Investujte do pr\u016fb\u011b\u017en\u00e9ho \u0161kolen\u00ed, abyste udr\u017eeli vysok\u00e9 standardy a zajistili rychlej\u0161\u00ed dod\u00e1vky pro partnery B2B.<\/li>\n<\/ul>\n\n\n\n<figure class=\"wp-block-gallery has-nested-images columns-default is-cropped wp-block-gallery-2 is-layout-flex wp-block-gallery-is-layout-flex\">\n<figure class=\"wp-block-image size-large\"><img loading=\"lazy\" decoding=\"async\" width=\"800\" height=\"533\" data-id=\"12482\" src=\"https:\/\/media.lqcompany.com\/2025\/07\/Close-up-of-a-green-tactical-vest-with-MOLLE-webbing-and-a-side-zipper.webp\" alt=\"Detailn\u00ed z\u00e1b\u011br zelen\u00e9 taktick\u00e9 vesty s popruhy MOLLE a bo\u010dn\u00edm zipem.\" class=\"wp-image-12482\" srcset=\"https:\/\/media.lqcompany.com\/2025\/07\/Close-up-of-a-green-tactical-vest-with-MOLLE-webbing-and-a-side-zipper-300x200.webp 300w, https:\/\/media.lqcompany.com\/2025\/07\/Close-up-of-a-green-tactical-vest-with-MOLLE-webbing-and-a-side-zipper-768x512.webp 768w, https:\/\/media.lqcompany.com\/2025\/07\/Close-up-of-a-green-tactical-vest-with-MOLLE-webbing-and-a-side-zipper-18x12.webp 18w, https:\/\/media.lqcompany.com\/2025\/07\/Close-up-of-a-green-tactical-vest-with-MOLLE-webbing-and-a-side-zipper.webp 800w\" sizes=\"auto, (max-width: 800px) 100vw, 800px\" \/><\/figure>\n\n\n\n<figure class=\"wp-block-image size-large\"><img loading=\"lazy\" decoding=\"async\" width=\"800\" height=\"533\" data-id=\"12483\" src=\"https:\/\/media.lqcompany.com\/2025\/07\/Close-up-of-a-green-tactical-vest-strap-with-a-black-quick-release-buckle.webp\" alt=\"Detail zelen\u00e9ho popruhu taktick\u00e9 vesty s \u010dernou rychloup\u00ednac\u00ed sponou.\" class=\"wp-image-12483\" srcset=\"https:\/\/media.lqcompany.com\/2025\/07\/Close-up-of-a-green-tactical-vest-strap-with-a-black-quick-release-buckle-300x200.webp 300w, https:\/\/media.lqcompany.com\/2025\/07\/Close-up-of-a-green-tactical-vest-strap-with-a-black-quick-release-buckle-768x512.webp 768w, https:\/\/media.lqcompany.com\/2025\/07\/Close-up-of-a-green-tactical-vest-strap-with-a-black-quick-release-buckle-18x12.webp 18w, https:\/\/media.lqcompany.com\/2025\/07\/Close-up-of-a-green-tactical-vest-strap-with-a-black-quick-release-buckle.webp 800w\" sizes=\"auto, (max-width: 800px) 100vw, 800px\" \/><\/figure>\n<\/figure>\n\n\n\n<h2 class=\"wp-block-heading\">\u00daskal\u00ed 4: ignorov\u00e1n\u00ed region\u00e1ln\u00edch rozd\u00edl\u016f v dodr\u017eov\u00e1n\u00ed p\u0159edpis\u016f<\/h2>\n\n\n\n<p><strong>Vyd\u00e1n\u00ed<\/strong>: Taktick\u00e9 vesty pro r\u016fzn\u00e9 trhy - nap\u0159\u00edklad pro org\u00e1ny \u010dinn\u00e9 v trestn\u00edm \u0159\u00edzen\u00ed v EU nebo vojensk\u00e9 zak\u00e1zky v USA - mus\u00ed spl\u0148ovat r\u016fzn\u00e9 normy, jako je NIJ 0101.07 pro balistickou ochranu nebo NIJ 0101.07 pro balistickou ochranu. <a href=\"https:\/\/en.wikipedia.org\/wiki\/List_of_body_armor_performance_standards\" target=\"_blank\" rel=\"noreferrer noopener\">VPAM <\/a>pro evropsk\u00e9 certifikace. Nezohledn\u011bn\u00ed t\u011bchto rozd\u00edl\u016f m\u016f\u017ee v\u00e9st k odm\u00edtnut\u00ed z\u00e1silek.<\/p>\n\n\n\n<p><strong>P\u0159\u00edklad<\/strong>: Nesoulad s aktualizovan\u00fdmi normami vedl k n\u00e1kladn\u00fdm zpo\u017ed\u011bn\u00edm v\u00fdrobc\u016f, nap\u0159\u00edklad kdy\u017e vesty nespl\u0148ovaly nov\u00e9 po\u017eadavky na balistick\u00e9 vlo\u017eky.<\/p>\n\n\n\n<p><strong>\u0158e\u0161en\u00ed<\/strong>:<\/p>\n\n\n\n<ul class=\"wp-block-list\">\n<li>Vypracujte matici shody p\u0159izp\u016fsobenou c\u00edlov\u00fdm trh\u016fm, ve kter\u00e9 budou uvedeny konkr\u00e9tn\u00ed po\u017eadavky na certifikaci.<\/li>\n<\/ul>\n\n\n\n<ul class=\"wp-block-list\">\n<li>Spolupracujte s akreditovan\u00fdmi zku\u0161ebn\u00edmi za\u0159\u00edzen\u00edmi, abyste ov\u011b\u0159ili produkty p\u0159ed n\u00e1b\u011bhem v\u00fdroby.<\/li>\n<\/ul>\n\n\n\n<ul class=\"wp-block-list\">\n<li>Poskytn\u011bte klient\u016fm p\u0159ehlednou dokumentaci o dodr\u017eov\u00e1n\u00ed p\u0159edpis\u016f, kter\u00e1 zefektivn\u00ed procesy zad\u00e1v\u00e1n\u00ed ve\u0159ejn\u00fdch zak\u00e1zek.<\/li>\n<\/ul>\n\n\n\n<h2 class=\"wp-block-heading\">\u00daskal\u00ed 5: \u0160patn\u00e9 p\u0159edv\u00edd\u00e1n\u00ed n\u00e1klad\u016f na vlastn\u00ed funkce<\/h2>\n\n\n\n<p><strong>Vyd\u00e1n\u00ed<\/strong>: Vlastn\u00ed prvky, jako jsou dal\u0161\u00ed popruhy MOLLE nebo hydrata\u010dn\u00ed porty, mohou zv\u00fd\u0161it v\u00fdrobn\u00ed n\u00e1klady o 8-12% na jednotku. Bez p\u0159esn\u00e9ho p\u0159edv\u00edd\u00e1n\u00ed tyto dopl\u0148ky sni\u017euj\u00ed mar\u017ee ve velkoobchodn\u00edch smlouv\u00e1ch.<\/p>\n\n\n\n<p><strong>Datov\u00fd bod<\/strong>: V\u00fdrobci pou\u017e\u00edvaj\u00edc\u00ed strukturovan\u00e9 n\u00e1stroje pro odhad n\u00e1klad\u016f hl\u00e1s\u00ed m\u00e9n\u011b p\u0159ekro\u010den\u00ed n\u00e1klad\u016f, co\u017e zvy\u0161uje ziskovost.<\/p>\n\n\n\n<p><strong>\u0158e\u0161en\u00ed<\/strong>:<\/p>\n\n\n\n<ul class=\"wp-block-list\">\n<li>Nasazen\u00ed parametrick\u00fdch n\u00e1stroj\u016f pro v\u00fdpo\u010det cen na z\u00e1klad\u011b prom\u011bnn\u00fdch n\u00e1vrhu, kter\u00e9 zajist\u00ed transparentnost pro klienty.<\/li>\n<\/ul>\n\n\n\n<ul class=\"wp-block-list\">\n<li>Nastavte minim\u00e1ln\u00ed objednac\u00ed mno\u017estv\u00ed (MOQ) pro zak\u00e1zkov\u00e9 funkce, abyste zachovali n\u00e1kladovou efektivitu.<\/li>\n<\/ul>\n\n\n\n<ul class=\"wp-block-list\">\n<li>Sd\u00edlejte s partnery rozpis n\u00e1klad\u016f, abyste sladili o\u010dek\u00e1v\u00e1n\u00ed a p\u0159ede\u0161li p\u0159ekvapen\u00edm.<\/li>\n<\/ul>\n\n\n\n<h2 class=\"wp-block-heading\">Pro\u010d s n\u00e1mi spolupracovat p\u0159i v\u00fdrob\u011b taktick\u00fdch vest na zak\u00e1zku?<\/h2>\n\n\n\n<p>Roz\u0161\u00ed\u0159en\u00ed v\u00fdroby taktick\u00fdch vest na zak\u00e1zku vy\u017eaduje v\u00edce ne\u017e jen zv\u00fd\u0161en\u00ed kapacity - vy\u017eaduje p\u0159esnost, spolehlivost a odborn\u00e9 znalosti. Jako d\u016fv\u011bryhodn\u00fd <a href=\"https:\/\/www.lqcompany.com\/tactical-vest-manufacturer\/\" target=\"_blank\" rel=\"noreferrer noopener\">v\u00fdrobce vesty<\/a> se za\u0159\u00edzen\u00edmi v \u010c\u00edn\u011b a glob\u00e1ln\u00edmi logistick\u00fdmi kapacitami \u0159e\u0161\u00edme tyto probl\u00e9my prost\u0159ednictv\u00edm:<\/p>\n\n\n\n<ul class=\"wp-block-list\">\n<li><strong>Prediktivn\u00ed pl\u00e1nov\u00e1n\u00ed materi\u00e1lu<\/strong>: Vyu\u017eit\u00ed pokro\u010dil\u00fdch skladov\u00fdch syst\u00e9m\u016f k zaji\u0161t\u011bn\u00ed dostupnosti materi\u00e1lu bez nadbyte\u010dn\u00fdch n\u00e1klad\u016f.<\/li>\n<\/ul>\n\n\n\n<ul class=\"wp-block-list\">\n<li><strong>Flexibiln\u00ed v\u00fdrobn\u00ed linky<\/strong>: Podpora velikost\u00ed d\u00e1vek od 500 do v\u00edce ne\u017e 50 000 jednotek pro spln\u011bn\u00ed r\u016fzn\u00fdch pot\u0159eb B2B.<\/li>\n<\/ul>\n\n\n\n<ul class=\"wp-block-list\">\n<li><strong>Dodr\u017eov\u00e1n\u00ed p\u0159edpis\u016f<\/strong>: Poskytov\u00e1n\u00ed transparentn\u00ed dokumentace pro ka\u017edou sou\u010d\u00e1st, kter\u00e1 spl\u0148uje glob\u00e1ln\u00ed standardy.<\/li>\n<\/ul>\n\n\n\n<ul class=\"wp-block-list\">\n<li><strong>Spolupr\u00e1ce zam\u011b\u0159en\u00e1 na klienta<\/strong>: Nab\u00edz\u00ed digit\u00e1ln\u00ed n\u00e1stroje a jasnou komunikaci pro zjednodu\u0161en\u00ed zak\u00e1zkov\u00fdch objedn\u00e1vek od n\u00e1vrhu a\u017e po dod\u00e1n\u00ed.<\/li>\n<\/ul>\n\n\n\n<p>Pro pracovn\u00edky n\u00e1kupu, zna\u010dky nebo distributory, kte\u0159\u00ed pl\u00e1nuj\u00ed vlastn\u00ed projekt taktick\u00e9 vesty, na\u0161e zku\u0161enosti zajist\u00ed, \u017ee va\u0161e strategie \u0161k\u00e1lov\u00e1n\u00ed bude v souladu s realitou v\u00fdroby. Vy\u017e\u00e1dejte si n\u00e1\u0161 bezplatn\u00fd kontroln\u00ed seznam v\u00fdroby na na\u0161ich webov\u00fdch str\u00e1nk\u00e1ch a za\u010dn\u011bte sv\u016fj p\u0159\u00ed\u0161t\u00ed projekt s jistotou.<\/p>","protected":false},"excerpt":{"rendered":"<p>Scale custom tactical vest production smoothly. Avoid 5 critical pitfalls in materials, compliance &#038; cost control. Insights from a 15-year tactical vest manufacturer.<\/p>","protected":false},"author":3,"featured_media":12479,"comment_status":"closed","ping_status":"closed","sticky":false,"template":"","format":"standard","meta":{"_acf_changed":false,"footnotes":""},"categories":[15],"tags":[],"class_list":["post-12445","post","type-post","status-publish","format-standard","has-post-thumbnail","hentry","category-blog"],"blocksy_meta":[],"acf":[],"_links":{"self":[{"href":"https:\/\/www.lqcompany.com\/cs\/wp-json\/wp\/v2\/posts\/12445","targetHints":{"allow":["GET"]}}],"collection":[{"href":"https:\/\/www.lqcompany.com\/cs\/wp-json\/wp\/v2\/posts"}],"about":[{"href":"https:\/\/www.lqcompany.com\/cs\/wp-json\/wp\/v2\/types\/post"}],"author":[{"embeddable":true,"href":"https:\/\/www.lqcompany.com\/cs\/wp-json\/wp\/v2\/users\/3"}],"replies":[{"embeddable":true,"href":"https:\/\/www.lqcompany.com\/cs\/wp-json\/wp\/v2\/comments?post=12445"}],"version-history":[{"count":4,"href":"https:\/\/www.lqcompany.com\/cs\/wp-json\/wp\/v2\/posts\/12445\/revisions"}],"predecessor-version":[{"id":12485,"href":"https:\/\/www.lqcompany.com\/cs\/wp-json\/wp\/v2\/posts\/12445\/revisions\/12485"}],"wp:featuredmedia":[{"embeddable":true,"href":"https:\/\/www.lqcompany.com\/cs\/wp-json\/wp\/v2\/media\/12479"}],"wp:attachment":[{"href":"https:\/\/www.lqcompany.com\/cs\/wp-json\/wp\/v2\/media?parent=12445"}],"wp:term":[{"taxonomy":"category","embeddable":true,"href":"https:\/\/www.lqcompany.com\/cs\/wp-json\/wp\/v2\/categories?post=12445"},{"taxonomy":"post_tag","embeddable":true,"href":"https:\/\/www.lqcompany.com\/cs\/wp-json\/wp\/v2\/tags?post=12445"}],"curies":[{"name":"wp","href":"https:\/\/api.w.org\/{rel}","templated":true}]}}