{"id":10185,"date":"2025-02-06T03:53:50","date_gmt":"2025-02-06T03:53:50","guid":{"rendered":"http:\/\/www.lqcompany.com\/?p=10185"},"modified":"2025-02-06T06:03:08","modified_gmt":"2025-02-06T06:03:08","slug":"trends-in-tactical-gear-manufacturing","status":"publish","type":"post","link":"https:\/\/www.lqcompany.com\/cs\/trends-in-tactical-gear-manufacturing\/","title":{"rendered":"Trendy ve v\u00fdrob\u011b taktick\u00e9 v\u00fdstroje: Co by m\u011bly firmy v\u011bd\u011bt"},"content":{"rendered":"<p>Odv\u011btv\u00ed taktick\u00e9ho vybaven\u00ed se rychle vyv\u00edj\u00ed. Budoucnost taktick\u00e9ho vybaven\u00ed ur\u010duj\u00ed nov\u00e9 technologie, materi\u00e1ly a po\u017eadavky z\u00e1kazn\u00edk\u016f. A\u0165 u\u017e jste firma, kter\u00e1 hled\u00e1 zdroje nejnov\u011bj\u0161\u00edho vybaven\u00ed, nebo v\u00fdrobce, kter\u00fd se sna\u017e\u00ed udr\u017eet si n\u00e1skok, pochopen\u00ed t\u011bchto trend\u016f je kl\u00ed\u010dov\u00e9.<\/p>\n\n\n\n<p>V tomto \u010dl\u00e1nku se budeme zab\u00fdvat hlavn\u00edmi trendy ve v\u00fdrob\u011b taktick\u00e9 v\u00fdstroje, v\u010detn\u011b lehk\u00fdch materi\u00e1l\u016f, modul\u00e1rn\u00edch konstrukc\u00ed a udr\u017eitelnosti.<\/p>\n\n\n\n<p>Pono\u0159me se do toho!<\/p>\n\n\n\n<h2 class=\"wp-block-heading\">1. Lehk\u00e9 materi\u00e1ly: Pevnost bez velk\u00fdch rozm\u011br\u016f<\/h2>\n\n\n\n<p>Jedn\u00edm z nejv\u00fdznamn\u011bj\u0161\u00edch trend\u016f ve v\u00fdrob\u011b taktick\u00e9 v\u00fdstroje je posun k lehk\u00fdm materi\u00e1l\u016fm. Pry\u010d jsou doby, kdy byla normou t\u011b\u017ek\u00e1 a neskladn\u00e1 v\u00fdstroj. Dnes firmy i spot\u0159ebitel\u00e9 po\u017eaduj\u00ed vybaven\u00ed, kter\u00e9 je odoln\u00e9 a z\u00e1rove\u0148 snadno p\u0159enosn\u00e9.<\/p>\n\n\n\n<p><strong>Pro\u010d je d\u016fle\u017eit\u00e1 n\u00edzk\u00e1 hmotnost<\/strong><\/p>\n\n\n\n<ul class=\"wp-block-list\">\n<li><strong>Zlep\u0161en\u00e1 mobilita<\/strong>: Lehk\u00e1 v\u00fdbava umo\u017e\u0148uje v\u011bt\u0161\u00ed pohyblivost, co\u017e je pro voj\u00e1ky, policisty a outdoorov\u00e9 nad\u0161ence z\u00e1sadn\u00ed.<\/li>\n<\/ul>\n\n\n\n<ul class=\"wp-block-list\">\n<li><strong>Sn\u00ed\u017een\u00ed \u00fanavy<\/strong>: Dlouhodob\u00e9 p\u0159en\u00e1\u0161en\u00ed t\u011b\u017ek\u00e9ho vybaven\u00ed m\u016f\u017ee v\u00e9st k \u00fanav\u011b. Lehk\u00e9 materi\u00e1ly pom\u00e1haj\u00ed u\u017eivatel\u016fm z\u016fstat pln\u00ed energie a soust\u0159ed\u011bn\u00ed.<\/li>\n<\/ul>\n\n\n\n<ul class=\"wp-block-list\">\n<li><strong>V\u0161estrannost<\/strong>: Lehk\u00e1 v\u00fdbava se snadn\u011bji p\u0159epravuje a skladuje, tak\u017ee je ide\u00e1ln\u00ed pro r\u016fzn\u00e9 sc\u00e9n\u00e1\u0159e.<\/li>\n<\/ul>\n\n\n\n<p><strong>Obl\u00edben\u00e9 lehk\u00e9 materi\u00e1ly<\/strong><\/p>\n\n\n\n<ul class=\"wp-block-list\">\n<li><strong>Cordura Nylon<\/strong>: Nylon Cordura je zn\u00e1m\u00fd svou trvanlivost\u00ed a odolnost\u00ed proti od\u011bru a je obl\u00edben\u00fd p\u0159i v\u00fdrob\u011b taktick\u00e9ho vybaven\u00ed.<\/li>\n<\/ul>\n\n\n\n<ul class=\"wp-block-list\">\n<li><strong>Tkaniny Ripstop<\/strong>: Tyto tkaniny jsou navr\u017eeny tak, aby zabra\u0148ovaly \u0161\u00ed\u0159en\u00ed trhlin, tak\u017ee jsou ide\u00e1ln\u00ed pro prost\u0159ed\u00ed s vysokou z\u00e1t\u011b\u017e\u00ed.<\/li>\n<\/ul>\n\n\n\n<ul class=\"wp-block-list\">\n<li><strong>Vysokopevnostn\u00ed polyester<\/strong>: Tento materi\u00e1l nab\u00edz\u00ed<strong> <\/strong>vynikaj\u00edc\u00ed pom\u011br pevnosti a hmotnosti, tak\u017ee je ide\u00e1ln\u00ed pro batohy a vesty.<\/li>\n<\/ul>\n\n\n\n<p>Dal\u0161\u00ed informace o lehk\u00fdch materi\u00e1lech naleznete v tomto pr\u016fvodci. <a href=\"https:\/\/aetgear.com\/the-best-fabrics-for-tactical-gear-a-complete-guide\/\" target=\"_blank\" rel=\"noreferrer noopener\">taktick\u00e9 tkaniny<\/a>.<\/p>\n\n\n\n<h2 class=\"wp-block-heading\">2. Modul\u00e1rn\u00ed konstrukce: P\u0159izp\u016fsoben\u00ed je kl\u00ed\u010dov\u00e9<\/h2>\n\n\n\n<p>Dal\u0161\u00edm v\u00fdznamn\u00fdm trendem ve v\u00fdrob\u011b taktick\u00e9 v\u00fdstroje je modularita. Modul\u00e1rn\u00ed konstrukce umo\u017e\u0148uj\u00ed u\u017eivatel\u016fm p\u0159izp\u016fsobit si v\u00fdstroj podle sv\u00fdch specifick\u00fdch pot\u0159eb. Tato flexibilita je cenn\u00e1 zejm\u00e9na pro profesion\u00e1ly, kte\u0159\u00ed pot\u0159ebuj\u00ed r\u016fzn\u00e9 konfigurace pro r\u016fzn\u00e9 mise.<\/p>\n\n\n\n<p><strong>V\u00fdhody modul\u00e1rn\u00edch p\u0159evodovek<\/strong><\/p>\n\n\n\n<ul class=\"wp-block-list\">\n<li><strong>P\u0159izp\u016fsobivost<\/strong>: Modul\u00e1rn\u00ed vybaven\u00ed lze p\u0159estav\u011bt pro r\u016fzn\u00e9 \u00fakoly, od bojov\u00fdch mis\u00ed a\u017e po dobrodru\u017estv\u00ed v p\u0159\u00edrod\u011b.<\/li>\n<\/ul>\n\n\n\n<ul class=\"wp-block-list\">\n<li><strong>N\u00e1kladov\u00e1 efektivita<\/strong>: Nam\u00edsto n\u00e1kupu v\u00edce kus\u016f za\u0159\u00edzen\u00ed mohou u\u017eivatel\u00e9 jednodu\u0161e p\u0159id\u00e1vat nebo odeb\u00edrat komponenty podle pot\u0159eby.<\/li>\n<\/ul>\n\n\n\n<ul class=\"wp-block-list\">\n<li><strong>Snadnost opravy<\/strong>: Pokud dojde k po\u0161kozen\u00ed jedn\u00e9 \u010d\u00e1sti za\u0159\u00edzen\u00ed, lze ji vym\u011bnit, ani\u017e by bylo nutn\u00e9 vy\u0159adit celou polo\u017eku.<\/li>\n<\/ul>\n\n\n\n<p><strong>P\u0159\u00edklady modul\u00e1rn\u00ed taktick\u00e9 v\u00fdbavy<\/strong><\/p>\n\n\n\n<ul class=\"wp-block-list\">\n<li><strong>Syst\u00e9my MOLLE<\/strong>: MOLLE (Modular Lightweight Load-carrying Equipment) je obl\u00edben\u00fd syst\u00e9m, kter\u00fd umo\u017e\u0148uje u\u017eivatel\u016fm p\u0159ipevnit na v\u00fdstroj pouzdra, pouzdra a dal\u0161\u00ed p\u0159\u00edslu\u0161enstv\u00ed.<\/li>\n<\/ul>\n\n\n\n<ul class=\"wp-block-list\">\n<li><strong>Vym\u011bniteln\u00e9 panely vesty<\/strong>: N\u011bkter\u00e9 taktick\u00e9 vesty jsou vybaveny odn\u00edmateln\u00fdmi panely, kter\u00e9 lze vym\u011bnit v z\u00e1vislosti na po\u017eadavc\u00edch mise.<\/li>\n<\/ul>\n\n\n\n<ul class=\"wp-block-list\">\n<li><strong>Konvertibiln\u00ed batohy<\/strong>: Tyto batohy lze upravit pro no\u0161en\u00ed r\u016fzn\u00e9ho n\u00e1kladu, tak\u017ee jsou ide\u00e1ln\u00ed jak pro kr\u00e1tk\u00e9 v\u00fdlety, tak pro del\u0161\u00ed mise.<\/li>\n<\/ul>\n\n\n\n<p>Chcete-li se dozv\u011bd\u011bt v\u00edce o syst\u00e9mech MOLLE, nav\u0161tivte tuto str\u00e1nku. <a href=\"https:\/\/aetgear.com\/what-is-molle\/\" target=\"_blank\" rel=\"noreferrer noopener\">podrobn\u00fd pr\u016fvodce<\/a>.<\/p>\n\n\n\n<figure class=\"wp-block-image aligncenter size-large\"><img loading=\"lazy\" decoding=\"async\" width=\"1024\" height=\"681\" src=\"https:\/\/media.lqcompany.com\/2025\/02\/a-Military-Vest-.webp\" alt=\"a-Vojensk\u00e1 vesta\" class=\"wp-image-10192\" srcset=\"https:\/\/media.lqcompany.com\/2025\/02\/a-Military-Vest--300x200.webp 300w, https:\/\/media.lqcompany.com\/2025\/02\/a-Military-Vest-.webp 1024w, https:\/\/media.lqcompany.com\/2025\/02\/a-Military-Vest--768x511.webp 768w, https:\/\/media.lqcompany.com\/2025\/02\/a-Military-Vest--1536x1022.webp 1536w, https:\/\/media.lqcompany.com\/2025\/02\/a-Military-Vest--18x12.webp 18w, https:\/\/media.lqcompany.com\/2025\/02\/a-Military-Vest-.webp 2048w\" sizes=\"auto, (max-width: 1024px) 100vw, 1024px\" \/><figcaption class=\"wp-element-caption\">Credit@Dan Galvani Sommavilla<\/figcaption><\/figure>\n\n\n\n<h2 class=\"wp-block-heading\">3. Udr\u017eitelnost: Ekologicky \u0161etrn\u00e1 taktick\u00e1 v\u00fdstroj<\/h2>\n\n\n\n<p>Udr\u017eitelnost u\u017e nen\u00ed jen m\u00f3dn\u00ed slovo - je to nutnost. S rostouc\u00edm pov\u011bdom\u00edm spot\u0159ebitel\u016f a podnik\u016f o \u017eivotn\u00edm prost\u0159ed\u00ed roste popt\u00e1vka po ekologick\u00e9m taktick\u00e9m vybaven\u00ed.<\/p>\n\n\n\n<p>V\u00fdrobci nyn\u00ed hledaj\u00ed zp\u016fsoby, jak sn\u00ed\u017eit dopad na \u017eivotn\u00ed prost\u0159ed\u00ed, ani\u017e by to bylo na \u00fakor kvality.<\/p>\n\n\n\n<p><strong>Jak se v\u00fdrobci chovaj\u00ed ekologicky<\/strong><\/p>\n\n\n\n<ul class=\"wp-block-list\">\n<li><strong>Recyklovan\u00e9 materi\u00e1ly<\/strong>: Mnoho spole\u010dnost\u00ed pou\u017e\u00edv\u00e1 recyklovan\u00e9 tkaniny, nap\u0159\u00edklad recyklovan\u00fd polyester, k v\u00fdrob\u011b odoln\u00e9ho a udr\u017eiteln\u00e9ho vybaven\u00ed.<\/li>\n<\/ul>\n\n\n\n<ul class=\"wp-block-list\">\n<li><strong>V\u00fdrobn\u00ed procesy \u0161etrn\u00e9 k \u017eivotn\u00edmu prost\u0159ed\u00ed<\/strong>: N\u011bkte\u0159\u00ed v\u00fdrobci zav\u00e1d\u011bj\u00ed techniky pro \u00fasporu vody a sni\u017euj\u00ed pou\u017e\u00edv\u00e1n\u00ed chemick\u00fdch l\u00e1tek ve v\u00fdrobn\u00edch procesech.<\/li>\n<\/ul>\n\n\n\n<ul class=\"wp-block-list\">\n<li><strong>Biologicky rozlo\u017eiteln\u00e9 slo\u017eky<\/strong>: Inovace, jako jsou biologicky rozlo\u017eiteln\u00e9 zipy a p\u0159ezky, pom\u00e1haj\u00ed sni\u017eovat mno\u017estv\u00ed odpadu.<\/li>\n<\/ul>\n\n\n\n<p><strong>Pro\u010d je udr\u017eitelnost d\u016fle\u017eit\u00e1<\/strong><\/p>\n\n\n\n<ul class=\"wp-block-list\">\n<li><strong>Dopad na \u017eivotn\u00ed prost\u0159ed\u00ed<\/strong>: Ekologick\u00e1 v\u00fdbava pom\u00e1h\u00e1 sni\u017eovat mno\u017estv\u00ed odpadu a \u0161et\u0159it p\u0159\u00edrodn\u00ed zdroje.<\/li>\n<\/ul>\n\n\n\n<ul class=\"wp-block-list\">\n<li><strong>Odvol\u00e1n\u00ed spot\u0159ebitel\u016f<\/strong>: Mnoho kupuj\u00edc\u00edch d\u00e1v\u00e1 p\u0159ednost podpo\u0159e zna\u010dek, kter\u00e9 up\u0159ednost\u0148uj\u00ed udr\u017eitelnost.<\/li>\n<\/ul>\n\n\n\n<ul class=\"wp-block-list\">\n<li><strong>Dodr\u017eov\u00e1n\u00ed p\u0159edpis\u016f<\/strong>: Vzhledem k tomu, \u017ee vl\u00e1dy zav\u00e1d\u011bj\u00ed p\u0159\u00edsn\u011bj\u0161\u00ed p\u0159edpisy v oblasti \u017eivotn\u00edho prost\u0159ed\u00ed, mohou udr\u017eiteln\u00e9 postupy pomoci podnik\u016fm, aby je dodr\u017eovaly.<\/li>\n<\/ul>\n\n\n\n<p>Chcete-li z\u00edskat informace o udr\u017eiteln\u00e9 v\u00fdrob\u011b, pod\u00edvejte se na tento \u010dl\u00e1nek na webu <a href=\"https:\/\/repurpose.global\/blog\/post\/green-manufacturing-the-business-benefits-of-sustainability\" target=\"_blank\" rel=\"noreferrer noopener\">ekologick\u00e1 v\u00fdroba<\/a>.<\/p>\n\n\n\n<h2 class=\"wp-block-heading\">4. Integrace inteligentn\u00edch technologi\u00ed<\/h2>\n\n\n\n<p>Technologie hraj\u00ed ve v\u00fdrob\u011b taktick\u00e9 v\u00fdstroje st\u00e1le d\u016fle\u017eit\u011bj\u0161\u00ed roli. Od batoh\u016f s GPS a\u017e po vesty se zabudovan\u00fdmi komunika\u010dn\u00edmi syst\u00e9my - chytr\u00e9 vybaven\u00ed p\u0159in\u00e1\u0161\u00ed revoluci do tohoto odv\u011btv\u00ed.<\/p>\n\n\n\n<p><strong>P\u0159\u00edklady chytr\u00e9 taktick\u00e9 v\u00fdbavy<\/strong><\/p>\n\n\n\n<ul class=\"wp-block-list\">\n<li><strong>Nositeln\u00e1 technika<\/strong>: N\u011bkter\u00e9 taktick\u00e9 vesty jsou nyn\u00ed vybaveny integrovan\u00fdmi senzory, kter\u00e9 monitoruj\u00ed \u017eivotn\u00ed funkce, jako je srde\u010dn\u00ed tep a t\u011blesn\u00e1 teplota.<\/li>\n<\/ul>\n\n\n\n<ul class=\"wp-block-list\">\n<li><strong>Sledov\u00e1n\u00ed GPS<\/strong>: Batohy a opasky se zabudovan\u00fdm syst\u00e9mem GPS pom\u00e1haj\u00ed u\u017eivatel\u016fm orientovat se v n\u00e1ro\u010dn\u00e9m ter\u00e9nu.<\/li>\n<\/ul>\n\n\n\n<ul class=\"wp-block-list\">\n<li><strong>Sol\u00e1rn\u011b nap\u00e1jen\u00e9 nab\u00edje\u010dky<\/strong>: Tyto nab\u00edje\u010dky umo\u017e\u0148uj\u00ed u\u017eivatel\u016fm nap\u00e1jet sv\u00e1 za\u0159\u00edzen\u00ed na vzd\u00e1len\u00fdch m\u00edstech.<\/li>\n<\/ul>\n\n\n\n<p><strong>V\u00fdhody chytr\u00e9ho za\u0159\u00edzen\u00ed<\/strong><\/p>\n\n\n\n<ul class=\"wp-block-list\">\n<li><strong>Zv\u00fd\u0161en\u00e1 bezpe\u010dnost<\/strong>: \u00dadaje z nositeln\u00fdch technologi\u00ed v re\u00e1ln\u00e9m \u010dase mohou pomoci p\u0159edch\u00e1zet nehod\u00e1m a zran\u011bn\u00edm.<\/li>\n<\/ul>\n\n\n\n<ul class=\"wp-block-list\">\n<li><strong>Zv\u00fd\u0161en\u00e1 efektivita<\/strong>: Chytr\u00e1 v\u00fdbava zefektiv\u0148uje komunikaci a navigaci a \u0161et\u0159\u00ed \u010das a \u00fasil\u00ed.<\/li>\n<\/ul>\n\n\n\n<ul class=\"wp-block-list\">\n<li><strong>Konkuren\u010dn\u00ed v\u00fdhoda<\/strong>: Firmy, kter\u00e9 nab\u00edzej\u00ed chytr\u00e9 taktick\u00e9 vybaven\u00ed, se mohou na p\u0159epln\u011bn\u00e9m trhu odli\u0161it.<\/li>\n<\/ul>\n\n\n\n<h2 class=\"wp-block-heading\">5. Ergonomick\u00fd design: Pohodl\u00ed se snoub\u00ed s funk\u010dnost\u00ed<\/h2>\n\n\n\n<p>Ergonomie je dal\u0161\u00edm kl\u00ed\u010dov\u00fdm trendem ve v\u00fdrob\u011b taktick\u00e9 v\u00fdstroje. Modern\u00ed v\u00fdstroj je navr\u017eena tak, aby se pohodln\u011b p\u0159izp\u016fsobila lidsk\u00e9mu t\u011blu, sn\u00ed\u017eila z\u00e1t\u011b\u017e a zlep\u0161ila v\u00fdkon.<\/p>\n\n\n\n<p><strong>Vlastnosti ergonomick\u00e9ho vybaven\u00ed<\/strong><\/p>\n\n\n\n<ul class=\"wp-block-list\">\n<li><strong>Nastaviteln\u00e9 popruhy<\/strong>: Ty umo\u017e\u0148uj\u00ed u\u017eivatel\u016fm p\u0159izp\u016fsobit si batohy a vesty.<\/li>\n<\/ul>\n\n\n\n<ul class=\"wp-block-list\">\n<li><strong>Polstrovan\u00e9 ramenn\u00ed popruhy<\/strong>: Dodate\u010dn\u00e9 polstrov\u00e1n\u00ed sni\u017euje tlak na ramena, tak\u017ee se v\u00fdstroj nos\u00ed pohodln\u011bji.<\/li>\n<\/ul>\n\n\n\n<ul class=\"wp-block-list\">\n<li><strong>Odv\u011btr\u00e1van\u00e9 zadn\u00ed panely<\/strong>: Tyto panely zlep\u0161uj\u00ed proud\u011bn\u00ed vzduchu a udr\u017euj\u00ed u\u017eivatele v chladu b\u011bhem intenzivn\u00edch aktivit.<\/li>\n<\/ul>\n\n\n\n<p><strong>Pro\u010d je ergonomie d\u016fle\u017eit\u00e1<\/strong><\/p>\n\n\n\n<ul class=\"wp-block-list\">\n<li><strong>U\u017eivatelsk\u00fd komfort<\/strong>: Pohodln\u00e1 v\u00fdstroj je pravd\u011bpodobn\u011bji pou\u017e\u00edv\u00e1na d\u016fsledn\u011b a efektivn\u011b.<\/li>\n<\/ul>\n\n\n\n<ul class=\"wp-block-list\">\n<li><strong>Prevence zran\u011bn\u00ed<\/strong>: Spr\u00e1vn\u011b navr\u017een\u00e1 v\u00fdstroj m\u016f\u017ee pomoci p\u0159edch\u00e1zet zran\u011bn\u00edm pohybov\u00e9ho apar\u00e1tu.<\/li>\n<\/ul>\n\n\n\n<ul class=\"wp-block-list\">\n<li><strong>Zv\u00fd\u0161en\u00fd v\u00fdkon<\/strong>: Pokud v\u00fdstroj dob\u0159e sed\u00ed, mohou se u\u017eivatel\u00e9 voln\u011bji pohybovat a pod\u00e1vat lep\u0161\u00ed v\u00fdkony.<\/li>\n<\/ul>\n\n\n\n<h2 class=\"wp-block-heading\">Z\u00e1v\u011br: Z\u016fstat na \u0161pici v odv\u011btv\u00ed taktick\u00e9 v\u00fdstroje<\/h2>\n\n\n\n<p>Odv\u011btv\u00ed taktick\u00e9ho vybaven\u00ed se neust\u00e1le vyv\u00edj\u00ed a firmy mus\u00ed b\u00fdt informov\u00e1ny o nejnov\u011bj\u0161\u00edch trendech, aby si udr\u017eely konkurenceschopnost. Tyto inovace utv\u00e1\u0159ej\u00ed budoucnost taktick\u00e9ho vybaven\u00ed - od lehk\u00fdch materi\u00e1l\u016f a modul\u00e1rn\u00edch konstrukc\u00ed a\u017e po udr\u017eitelnost a inteligentn\u00ed technologie.<\/p>\n\n\n\n<p>Na adrese <a href=\"http:\/\/www.lqcompany.com\/\" target=\"_blank\" rel=\"noreferrer noopener\">LQ ARMY<\/a>, jsme odhodl\u00e1ni z\u016fstat v \u010dele t\u011bchto trend\u016f. D\u00edky v\u00edce ne\u017e 15 let\u016fm zku\u0161enost\u00ed nab\u00edz\u00edme \u0161irokou \u0161k\u00e1lu vysoce kvalitn\u00edho taktick\u00e9ho vybaven\u00ed navr\u017een\u00e9ho tak, aby spl\u0148ovalo pot\u0159eby profesion\u00e1l\u016f i outdoorov\u00fdch nad\u0161enc\u016f. A\u0165 u\u017e hled\u00e1te <a href=\"http:\/\/www.lqcompany.com\/wholesale-tactical-bag\/\" target=\"_blank\" rel=\"noreferrer noopener\">odoln\u00e9 batohy<\/a>, <a href=\"http:\/\/www.lqcompany.com\/tactical-vest-manufacturer\/\" target=\"_blank\" rel=\"noreferrer noopener\">p\u0159izp\u016fsobiteln\u00e9 vesty<\/a>nebo ekologick\u00e1 \u0159e\u0161en\u00ed, m\u00e1me pro v\u00e1s \u0159e\u0161en\u00ed.<\/p>\n\n\n\n<p>Kontaktujte n\u00e1s je\u0161t\u011b dnes, abychom s v\u00e1mi prodiskutovali va\u0161e po\u017eadavky na hromadnou objedn\u00e1vku nebo zak\u00e1zkov\u00e9 vybaven\u00ed.<\/p>\n\n\n\n<p><\/p>","protected":false},"excerpt":{"rendered":"<p>Objevte nejnov\u011bj\u0161\u00ed trendy ve v\u00fdrob\u011b taktick\u00e9 v\u00fdstroje, v\u010detn\u011b lehk\u00fdch materi\u00e1l\u016f, modul\u00e1rn\u00edch konstrukc\u00ed, udr\u017eitelnosti a chytr\u00fdch technologi\u00ed pro podniky a v\u00fdrobce.<\/p>","protected":false},"author":3,"featured_media":10190,"comment_status":"closed","ping_status":"open","sticky":false,"template":"","format":"standard","meta":{"_acf_changed":false,"footnotes":""},"categories":[15],"tags":[],"class_list":["post-10185","post","type-post","status-publish","format-standard","has-post-thumbnail","hentry","category-blog"],"blocksy_meta":[],"acf":[],"_links":{"self":[{"href":"https:\/\/www.lqcompany.com\/cs\/wp-json\/wp\/v2\/posts\/10185","targetHints":{"allow":["GET"]}}],"collection":[{"href":"https:\/\/www.lqcompany.com\/cs\/wp-json\/wp\/v2\/posts"}],"about":[{"href":"https:\/\/www.lqcompany.com\/cs\/wp-json\/wp\/v2\/types\/post"}],"author":[{"embeddable":true,"href":"https:\/\/www.lqcompany.com\/cs\/wp-json\/wp\/v2\/users\/3"}],"replies":[{"embeddable":true,"href":"https:\/\/www.lqcompany.com\/cs\/wp-json\/wp\/v2\/comments?post=10185"}],"version-history":[{"count":0,"href":"https:\/\/www.lqcompany.com\/cs\/wp-json\/wp\/v2\/posts\/10185\/revisions"}],"wp:featuredmedia":[{"embeddable":true,"href":"https:\/\/www.lqcompany.com\/cs\/wp-json\/wp\/v2\/media\/10190"}],"wp:attachment":[{"href":"https:\/\/www.lqcompany.com\/cs\/wp-json\/wp\/v2\/media?parent=10185"}],"wp:term":[{"taxonomy":"category","embeddable":true,"href":"https:\/\/www.lqcompany.com\/cs\/wp-json\/wp\/v2\/categories?post=10185"},{"taxonomy":"post_tag","embeddable":true,"href":"https:\/\/www.lqcompany.com\/cs\/wp-json\/wp\/v2\/tags?post=10185"}],"curies":[{"name":"wp","href":"https:\/\/api.w.org\/{rel}","templated":true}]}}